{"id":57026,"date":"2025-10-16T12:40:07","date_gmt":"2025-10-16T12:40:07","guid":{"rendered":"https:\/\/www.europesays.com\/se\/57026\/"},"modified":"2025-10-16T12:40:07","modified_gmt":"2025-10-16T12:40:07","slug":"the-outer-worlds-2-frestar-med-en-svangig-trailer","status":"publish","type":"post","link":"https:\/\/www.europesays.com\/se\/57026\/","title":{"rendered":"The Outer Worlds 2 frestar med en sv\u00e4ngig trailer"},"content":{"rendered":"<p class=\"bbParagraph\">Sl\u00e4pps i slutet av m\u00e5naden.<\/p>\n<p class=\"bbParagraph\">Om tv\u00e5 veckor \u00e4r det dags f\u00f6r Obsidian att \u00e5terigen ta oss till en lika delar humoristisk som tragisk del av universum, i och med sl\u00e4ppet av The Outer Worlds 2. Nu har vi f\u00e5tt en ny trailer, och visst sk\u00e4nker musiken lite extra Fallout-vibbar?<\/p>\n<p class=\"bbParagraph\">Joakim Kilman har redan tagit sig en titt p\u00e5 det och delat med sig av sina intryck i en <a class=\"bbLink\" href=\"https:\/\/www.fz.se\/forhandstitt\/301249-the-outer-worlds-2\" target=\"_self\" rel=\"nofollow noopener\">f\u00f6rhandstitt<\/a>. Slutsatsen var att han k\u00e4nner sig nyfiken p\u00e5 att f\u00e5 utforska v\u00e4rlden mer och att det \u00f6verlag k\u00e4ndes gediget. Obsidian har lovat oss st\u00f6rre omr\u00e5den att utforska \u00e4n i f\u00f6reg\u00e5ngaren, men \u00e4r \u00e4ven angel\u00e4gna att fylla dem med intressanta saker och bel\u00f6na utforskande.<\/p>\n<p class=\"bbParagraph\">The Outer Worlds 2 sl\u00e4pps allts\u00e5 den 29 oktober p\u00e5 Xbox Series X\/S, PS5 och pc, och kommer lyckligtvis <a class=\"bbLink\" href=\"https:\/\/www.fz.se\/nyhet\/301089-xbox-skippar-prishojning-for-the-outer-worlds-2-och-andra-kommande-spel\" target=\"_self\" rel=\"nofollow noopener\">inte att kosta<\/a> 80 dollar, som tidigare planerades, utan ist\u00e4llet 70.<\/p>\n","protected":false},"excerpt":{"rendered":"Sl\u00e4pps i slutet av m\u00e5naden. Om tv\u00e5 veckor \u00e4r det dags f\u00f6r Obsidian att \u00e5terigen ta oss till&hellip;\n","protected":false},"author":2,"featured_media":57027,"comment_status":"","ping_status":"","sticky":false,"template":"","format":"standard","meta":{"footnotes":""},"categories":[66],"tags":[80,78,79,34,31,33,32,30,81,84,83,82],"class_list":{"0":"post-57026","1":"post","2":"type-post","3":"status-publish","4":"format-standard","5":"has-post-thumbnail","7":"category-vetenskap-och-teknik","8":"tag-science","9":"tag-science-and-technology","10":"tag-scienceandtechnology","11":"tag-se","12":"tag-svenska","13":"tag-sverige","14":"tag-sweden","15":"tag-swedish","16":"tag-technology","17":"tag-teknik","18":"tag-vetenskap","19":"tag-vetenskapteknik"},"share_on_mastodon":{"url":"","error":""},"_links":{"self":[{"href":"https:\/\/www.europesays.com\/se\/wp-json\/wp\/v2\/posts\/57026","targetHints":{"allow":["GET"]}}],"collection":[{"href":"https:\/\/www.europesays.com\/se\/wp-json\/wp\/v2\/posts"}],"about":[{"href":"https:\/\/www.europesays.com\/se\/wp-json\/wp\/v2\/types\/post"}],"author":[{"embeddable":true,"href":"https:\/\/www.europesays.com\/se\/wp-json\/wp\/v2\/users\/2"}],"replies":[{"embeddable":true,"href":"https:\/\/www.europesays.com\/se\/wp-json\/wp\/v2\/comments?post=57026"}],"version-history":[{"count":0,"href":"https:\/\/www.europesays.com\/se\/wp-json\/wp\/v2\/posts\/57026\/revisions"}],"wp:featuredmedia":[{"embeddable":true,"href":"https:\/\/www.europesays.com\/se\/wp-json\/wp\/v2\/media\/57027"}],"wp:attachment":[{"href":"https:\/\/www.europesays.com\/se\/wp-json\/wp\/v2\/media?parent=57026"}],"wp:term":[{"taxonomy":"category","embeddable":true,"href":"https:\/\/www.europesays.com\/se\/wp-json\/wp\/v2\/categories?post=57026"},{"taxonomy":"post_tag","embeddable":true,"href":"https:\/\/www.europesays.com\/se\/wp-json\/wp\/v2\/tags?post=57026"}],"curies":[{"name":"wp","href":"https:\/\/api.w.org\/{rel}","templated":true}]}}