{"id":57038,"date":"2025-10-16T12:52:23","date_gmt":"2025-10-16T12:52:23","guid":{"rendered":"https:\/\/www.europesays.com\/se\/57038\/"},"modified":"2025-10-16T12:52:23","modified_gmt":"2025-10-16T12:52:23","slug":"just-nu-stromlost-fran-mockebo-ut-till-dragskar","status":"publish","type":"post","link":"https:\/\/www.europesays.com\/se\/57038\/","title":{"rendered":"Just nu: &#8221;Str\u00f6ml\u00f6st fr\u00e5n Mockebo ut till Dragsk\u00e4r&#8221;"},"content":{"rendered":"<p>Vi publicerar lokala nyheter fr\u00e5n Oskarshamn, M\u00f6nster\u00e5s och H\u00f6gsby, regionen och nationellt samt bl\u00e5ljus, sport, kultur, n\u00f6je, kr\u00f6nikor, ins\u00e4ndare och mycket mer. Varje dag, \u00e5ret om. Webbtidningen \u00e4r politiskt och religi\u00f6st oberoende.<\/p>\n<p>Alla v\u00e5ra artiklar och nyhetsbrev \u00e4r gratis att l\u00e4sa. Vi finansieras med digitala annonser vilket inneb\u00e4r att du beh\u00f6ver till\u00e5ta att annonser visas i din webbl\u00e4sare och godk\u00e4nna cookies f\u00f6r v\u00e5r marknadf\u00f6ring.\u00a0<\/p>\n","protected":false},"excerpt":{"rendered":"Vi publicerar lokala nyheter fr\u00e5n Oskarshamn, M\u00f6nster\u00e5s och H\u00f6gsby, regionen och nationellt samt bl\u00e5ljus, sport, kultur, n\u00f6je, kr\u00f6nikor,&hellip;\n","protected":false},"author":2,"featured_media":57039,"comment_status":"","ping_status":"","sticky":false,"template":"","format":"standard","meta":{"footnotes":""},"categories":[5],"tags":[22,23,26,27,17,21,24,25,28,29,15,16,18,34,31,33,32,30,19,20],"class_list":{"0":"post-57038","1":"post","2":"type-post","3":"status-publish","4":"format-standard","5":"has-post-thumbnail","7":"category-rubriker","8":"tag-breaking-news","9":"tag-breakingnews","10":"tag-featured-news","11":"tag-featurednews","12":"tag-headlines","13":"tag-huvudnyheter","14":"tag-latest-news","15":"tag-latestnews","16":"tag-main-news","17":"tag-mainnews","18":"tag-news","19":"tag-nyheter","20":"tag-rubriker","21":"tag-se","22":"tag-svenska","23":"tag-sverige","24":"tag-sweden","25":"tag-swedish","26":"tag-top-stories","27":"tag-topstories"},"share_on_mastodon":{"url":"","error":""},"_links":{"self":[{"href":"https:\/\/www.europesays.com\/se\/wp-json\/wp\/v2\/posts\/57038","targetHints":{"allow":["GET"]}}],"collection":[{"href":"https:\/\/www.europesays.com\/se\/wp-json\/wp\/v2\/posts"}],"about":[{"href":"https:\/\/www.europesays.com\/se\/wp-json\/wp\/v2\/types\/post"}],"author":[{"embeddable":true,"href":"https:\/\/www.europesays.com\/se\/wp-json\/wp\/v2\/users\/2"}],"replies":[{"embeddable":true,"href":"https:\/\/www.europesays.com\/se\/wp-json\/wp\/v2\/comments?post=57038"}],"version-history":[{"count":0,"href":"https:\/\/www.europesays.com\/se\/wp-json\/wp\/v2\/posts\/57038\/revisions"}],"wp:featuredmedia":[{"embeddable":true,"href":"https:\/\/www.europesays.com\/se\/wp-json\/wp\/v2\/media\/57039"}],"wp:attachment":[{"href":"https:\/\/www.europesays.com\/se\/wp-json\/wp\/v2\/media?parent=57038"}],"wp:term":[{"taxonomy":"category","embeddable":true,"href":"https:\/\/www.europesays.com\/se\/wp-json\/wp\/v2\/categories?post=57038"},{"taxonomy":"post_tag","embeddable":true,"href":"https:\/\/www.europesays.com\/se\/wp-json\/wp\/v2\/tags?post=57038"}],"curies":[{"name":"wp","href":"https:\/\/api.w.org\/{rel}","templated":true}]}}