{"id":57056,"date":"2025-10-16T13:10:25","date_gmt":"2025-10-16T13:10:25","guid":{"rendered":"https:\/\/www.europesays.com\/se\/57056\/"},"modified":"2025-10-16T13:10:25","modified_gmt":"2025-10-16T13:10:25","slug":"anders-svensson-sagar-blagult-spelarna-valdigt-mycket-individuellt","status":"publish","type":"post","link":"https:\/\/www.europesays.com\/se\/57056\/","title":{"rendered":"Anders Svensson s\u00e5gar Bl\u00e5gult-spelarna: &#8221;V\u00e4ldigt mycket individuellt&#8221;"},"content":{"rendered":"<p><strong><a href=\"https:\/\/fotbolldirekt.se\/landslag\/herrlandslaget\/\" rel=\"nofollow noopener\" target=\"_blank\">Det svenska herrlandslaget<\/a> har f\u00e5tt stor kritik den senaste tiden.<br \/>Anders Svensson oroas \u00f6ver den utveckling han ser i Bl\u00e5gult. <br \/>\u2013 Jag tycker det \u00e4r v\u00e4ldigt mycket individuellt. Det \u00e4r alltid \u201djag, jag, jag\u201d, s\u00e4ger han i podcasten <a href=\"https:\/\/www.instagram.com\/reel\/DP1SmllCAzv\/?igsh=MmpnZjhmaW9wcTZr\" rel=\"nofollow noopener\" target=\"_blank\">\u201dStudio Allsvenskan\u201d<\/a>.<\/strong><\/p>\n<p><img loading=\"lazy\" decoding=\"async\" width=\"1024\" height=\"576\" src=\"https:\/\/www.europesays.com\/se\/wp-content\/uploads\/2025\/10\/Swe-Sven-1024x576.jpg\" alt=\"\" class=\"wp-image-329443\"  \/>Foto: Bildbyr\u00e5n<\/p>\n<p>Det svenska herrlandslaget har st\u00e5tt f\u00f6r ett riktigt fiasko i <a href=\"https:\/\/fotbolldirekt.se\/vm-fotboll\/\" rel=\"nofollow noopener\" target=\"_blank\">VM-kvalet<\/a>.<br \/>Efter fyra spelade matcher placerar sig Bl\u00e5gult sist i sin kvalgrupp och nu kan man vara n\u00e5 USA, Mexiko och Kanada via playoff-spel.<\/p>\n<p>I samband med detta fiasko s\u00e5 har Jon Dahl Tomasson f\u00e5tt sparken samtidigt som m\u00e5nga av spelarna i landslaget ocks\u00e5 f\u00e5tt en hel del kritik.<br \/>Den tidigare landslagsmittf\u00e4ltaren Anders Svensson \u00e4r kritisk och menar p\u00e5 att han \u00e4r orolig \u00f6ver utvecklingen inom svensk fotboll.<\/p>\n<p>\u2013 Jag tycker det \u00e4r v\u00e4ldigt mycket individuellt.<strong> Det \u00e4r alltid \u201djag, jag, jag\u201d. Titta p\u00e5 Robin Olsens nej: \u201dF\u00e5r jag inte starta s\u00e5 \u00e4r jag inte med i landslaget\u201d<\/strong>. F\u00f6r mig var det finaste man kunde vara med i. Man var inte alltid en startspelare men man fick kriga f\u00f6r det, s\u00e4ger Svensson i podcasten \u201dStudio Allsvenskan\u201d och forts\u00e4tter: <br \/>\u2013 Jag st\u00e4ller mig fr\u00e5gande till om de bryr sig lika mycket om att spela i landslaget som en annan gjorde n\u00e4r man var liten? P\u00e5 fotbollsplanen dr\u00f6mde man om att det var VM-final. Nu har de det s\u00e5 bra i sina klubblag och tj\u00e4nar mycket pengar. Vill de spela f\u00f6r landslaget? \u00c4r det viktigt att g\u00e5 till slutspel? Eller f\u00e5r man en l\u00e4ngre semester och \u00e4r det inte hela v\u00e4rlden? Jag vet inte.<\/p>\n<p>Anders Svensson \u00e4r med sina 148 landskamper den mest landslagsspelaren i det svenska herrlandslaget. <\/p>\n<p><script async src=\"\/\/www.instagram.com\/embed.js\"><\/script><\/p>\n","protected":false},"excerpt":{"rendered":"Det svenska herrlandslaget har f\u00e5tt stor kritik den senaste tiden.Anders Svensson oroas \u00f6ver den utveckling han ser i&hellip;\n","protected":false},"author":2,"featured_media":57057,"comment_status":"","ping_status":"","sticky":false,"template":"","format":"standard","meta":{"footnotes":""},"categories":[68],"tags":[468,34,111,110,31,33,32,30],"class_list":{"0":"post-57056","1":"post","2":"type-post","3":"status-publish","4":"format-standard","5":"has-post-thumbnail","7":"category-sport","8":"tag-mini-top-block-2","9":"tag-se","10":"tag-sport","11":"tag-sports","12":"tag-svenska","13":"tag-sverige","14":"tag-sweden","15":"tag-swedish"},"share_on_mastodon":{"url":"","error":""},"_links":{"self":[{"href":"https:\/\/www.europesays.com\/se\/wp-json\/wp\/v2\/posts\/57056","targetHints":{"allow":["GET"]}}],"collection":[{"href":"https:\/\/www.europesays.com\/se\/wp-json\/wp\/v2\/posts"}],"about":[{"href":"https:\/\/www.europesays.com\/se\/wp-json\/wp\/v2\/types\/post"}],"author":[{"embeddable":true,"href":"https:\/\/www.europesays.com\/se\/wp-json\/wp\/v2\/users\/2"}],"replies":[{"embeddable":true,"href":"https:\/\/www.europesays.com\/se\/wp-json\/wp\/v2\/comments?post=57056"}],"version-history":[{"count":0,"href":"https:\/\/www.europesays.com\/se\/wp-json\/wp\/v2\/posts\/57056\/revisions"}],"wp:featuredmedia":[{"embeddable":true,"href":"https:\/\/www.europesays.com\/se\/wp-json\/wp\/v2\/media\/57057"}],"wp:attachment":[{"href":"https:\/\/www.europesays.com\/se\/wp-json\/wp\/v2\/media?parent=57056"}],"wp:term":[{"taxonomy":"category","embeddable":true,"href":"https:\/\/www.europesays.com\/se\/wp-json\/wp\/v2\/categories?post=57056"},{"taxonomy":"post_tag","embeddable":true,"href":"https:\/\/www.europesays.com\/se\/wp-json\/wp\/v2\/tags?post=57056"}],"curies":[{"name":"wp","href":"https:\/\/api.w.org\/{rel}","templated":true}]}}