{"id":57060,"date":"2025-10-16T13:16:17","date_gmt":"2025-10-16T13:16:17","guid":{"rendered":"https:\/\/www.europesays.com\/se\/57060\/"},"modified":"2025-10-16T13:16:17","modified_gmt":"2025-10-16T13:16:17","slug":"de-har-fucking-spelarna-sagar-landslaget","status":"publish","type":"post","link":"https:\/\/www.europesays.com\/se\/57060\/","title":{"rendered":"De h\u00e4r fucking spelarna \u2022\u00a0S\u00e5gar landslaget"},"content":{"rendered":"<p>Publicerad 16 okt 2025 kl 11.04Uppdaterad kl 12.12<\/p>\n<p>Allt \u00e4r inte Jon Dahl Tomassons fel.<\/p>\n<p>Spelarna kommer undan hatstormen, tycker Fredrik Wikingsson.<\/p>\n<p>\u2013 Jag har st\u00f6rt ihj\u00e4l mig p\u00e5 de h\u00e4r fucking spelarna, s\u00e4ger han i <a href=\"https:\/\/www.facebook.com\/reel\/662669756899766\" rel=\"nofollow noopener\" target=\"_blank\">\u201dMorgonpasset\u201d<\/a> i P3.<\/p>\n<p><img   alt=\"\"\/><\/p>\n<p>Fredrik Wikingsson tycker spelarna kommer undan kritik.<\/p>\n<p>Foto: STINA STJERNKVIST<\/p>\n<p>\u00d6ppna bild i helsk\u00e4rm<img loading=\"lazy\"   alt=\"\"\/><\/p>\n<p>Victor Nilsson Lindel\u00f6f med flera under matchen mot Kosovo.<\/p>\n<p>Foto: MICHAEL ERICHSEN \/ BILDBYR\u00c5N<\/p>\n<p>\u00d6ppna bild i helsk\u00e4rm<img loading=\"lazy\"   alt=\"\"\/><\/p>\n<p>Fredrik Wikingsson i \u201dMorgonpasset\u201d.<\/p>\n<p>Foto: SR<\/p>\n<p>\u00d6ppna bild i helsk\u00e4rm<\/p>\n<p>Efter f\u00f6rlusten mot <a href=\"https:\/\/www.expressen.se\/tagg\/location\/kosovo\/\" class=\"\" rel=\"nofollow noopener\" target=\"_blank\">Kosovo<\/a> p\u00e5 Ullevi i G\u00f6teborg sparkades f\u00f6rbundskaptenen Jon Dahl Tomasson. Missn\u00f6jet mot honom har varit stort, inte minst i sociala medier.<\/p>\n<p>Men programledaren Fredrik Wikingsson tycker att synpunkterna riktats fel \u2013 och att spelarna f\u00f6rtj\u00e4nar h\u00e5rdare kritik.<\/p>\n<p>\u2013 Det \u00e4r v\u00e4l inte hans fel? De \u00e4r helt vilsna d\u00e4r ute. De vet inte hur de ska g\u00f6ra, s\u00e4ger han i \u201dMorgonpasset\u201d.<\/p>\n<p>\u2013 H\u00e4r kommer bollen, kan du ta emot den? Det har du gjort sen du var tre. N\u00e4, det gick inte heller.<\/p>\n<p>Han tycker att spelarna \u201dkommit undan\u201d.<\/p>\n<p>\u201dEnda g\u00e5ngen Filip haft r\u00e4tt\u201d<\/p>\n<p>Samtidigt har <a href=\"https:\/\/www.tiktok.com\/@fotbollsmorgon\/video\/7559871481958714646\" rel=\"nofollow noopener\" target=\"_blank\">ett klipp<\/a> p\u00e5 Wikingssons v\u00e4n och kollega Filip Hammar f\u00e5tt stor spridning. Det \u00e4r fr\u00e5n n\u00e4r Jon Dahl Tomasson uts\u00e5gs till f\u00f6rbundskapten 2024.<\/p>\n<p>\u2013 Det \u00e4r det historiskt s\u00e4msta beslutet Sverige tagit n\u00e5gonsin, s\u00e4ger Filip Hammar i klippet.<\/p>\n<p>Nu svarar Wikingsson:<\/p>\n<p>\u2013 Det \u00e4r enda g\u00e5ngen Filip haft r\u00e4tt.<\/p>\n<p><script async src=\"\/\/www.tiktok.com\/embed.js\"><\/script><\/p>\n","protected":false},"excerpt":{"rendered":"Publicerad 16 okt 2025 kl 11.04Uppdaterad kl 12.12 Allt \u00e4r inte Jon Dahl Tomassons fel. Spelarna kommer undan&hellip;\n","protected":false},"author":2,"featured_media":57061,"comment_status":"","ping_status":"","sticky":false,"template":"","format":"standard","meta":{"footnotes":""},"categories":[5],"tags":[22,23,26,27,17,21,24,25,239,4766,5457,28,29,15,16,3066,18,34,31,33,32,30,19,310,20],"class_list":{"0":"post-57060","1":"post","2":"type-post","3":"status-publish","4":"format-standard","5":"has-post-thumbnail","7":"category-rubriker","8":"tag-breaking-news","9":"tag-breakingnews","10":"tag-featured-news","11":"tag-featurednews","12":"tag-headlines","13":"tag-huvudnyheter","14":"tag-latest-news","15":"tag-latestnews","16":"tag-location-goteborg","17":"tag-location-kosovo","18":"tag-location-ullevi","19":"tag-main-news","20":"tag-mainnews","21":"tag-news","22":"tag-nyheter","23":"tag-person-fredrik-wikingsson","24":"tag-rubriker","25":"tag-se","26":"tag-svenska","27":"tag-sverige","28":"tag-sweden","29":"tag-swedish","30":"tag-top-stories","31":"tag-topic-kandisar","32":"tag-topstories"},"share_on_mastodon":{"url":"","error":""},"_links":{"self":[{"href":"https:\/\/www.europesays.com\/se\/wp-json\/wp\/v2\/posts\/57060","targetHints":{"allow":["GET"]}}],"collection":[{"href":"https:\/\/www.europesays.com\/se\/wp-json\/wp\/v2\/posts"}],"about":[{"href":"https:\/\/www.europesays.com\/se\/wp-json\/wp\/v2\/types\/post"}],"author":[{"embeddable":true,"href":"https:\/\/www.europesays.com\/se\/wp-json\/wp\/v2\/users\/2"}],"replies":[{"embeddable":true,"href":"https:\/\/www.europesays.com\/se\/wp-json\/wp\/v2\/comments?post=57060"}],"version-history":[{"count":0,"href":"https:\/\/www.europesays.com\/se\/wp-json\/wp\/v2\/posts\/57060\/revisions"}],"wp:featuredmedia":[{"embeddable":true,"href":"https:\/\/www.europesays.com\/se\/wp-json\/wp\/v2\/media\/57061"}],"wp:attachment":[{"href":"https:\/\/www.europesays.com\/se\/wp-json\/wp\/v2\/media?parent=57060"}],"wp:term":[{"taxonomy":"category","embeddable":true,"href":"https:\/\/www.europesays.com\/se\/wp-json\/wp\/v2\/categories?post=57060"},{"taxonomy":"post_tag","embeddable":true,"href":"https:\/\/www.europesays.com\/se\/wp-json\/wp\/v2\/tags?post=57060"}],"curies":[{"name":"wp","href":"https:\/\/api.w.org\/{rel}","templated":true}]}}