{"id":57068,"date":"2025-10-16T13:22:09","date_gmt":"2025-10-16T13:22:09","guid":{"rendered":"https:\/\/www.europesays.com\/se\/57068\/"},"modified":"2025-10-16T13:22:09","modified_gmt":"2025-10-16T13:22:09","slug":"varning-for-nytt-bluff-sms-ser-ut-att-komma-fran-swish","status":"publish","type":"post","link":"https:\/\/www.europesays.com\/se\/57068\/","title":{"rendered":"Varning f\u00f6r nytt bluff-SMS \u2013 ser ut att komma fr\u00e5n Swish"},"content":{"rendered":"<p>Publicerad 16 okt 2025 kl 11.58Uppdaterad kl 15.10<\/p>\n<p>Ett sms som ser ut att komma fr\u00e5n betaltj\u00e4nsten Swish lurar anv\u00e4ndarna att klicka p\u00e5 en l\u00e4nk. Men meddelandet kommer inte fr\u00e5n Swish utan fr\u00e5n bedragare.\u00a0<\/p>\n<p>Ny handelskonflikt \u2013 Walmart ing\u00e5r samarbete med Open AI<img loading=\"lazy\"   alt=\"\"\/><\/p>\n<p>S\u00e5 h\u00e4r ser det nya bluffmesset ut. Swish understryker att de aldrig skickar sms till anv\u00e4ndarna.<\/p>\n<p>Foto: Sk\u00e4rmdump \/ Privat<\/p>\n<p>\u00d6ppna bild i helsk\u00e4rm<img loading=\"lazy\"   alt=\"\"\/><\/p>\n<p>Bedragarna utger sig f\u00f6r att komma fr\u00e5n Swish.<\/p>\n<p>Foto: Natalia Bohren \/ Shutterstock<\/p>\n<p>\u00d6ppna bild i helsk\u00e4rm<\/p>\n<p>\u201dDin <a href=\"https:\/\/www.expressen.se\/tagg\/organization\/swish\/\" class=\"\" rel=\"nofollow noopener\" target=\"_blank\">Swish<\/a>-verifiering \u00e4r inte slutf\u00f6rd. F\u00f6r att undvika begr\u00e4nsningar av ditt konto, v\u00e4nligen slutf\u00f6r verifieringen h\u00e4r:\u201d st\u00e5r det i meddelandet, som avslutas med en l\u00e4nk som anv\u00e4ndarna uppmanas att klicka p\u00e5. Vad som h\u00e4nder om man klickar p\u00e5 l\u00e4nken \u00e4r oklart, men att sms-meddelandet inte kommer fr\u00e5n Swish \u00e4r d\u00e4remot solklart.\u00a0<\/p>\n<p>Swish sms:ar inte anv\u00e4ndarna<\/p>\n<p>\u2013 Det som \u00e4r viktigt f\u00f6r anv\u00e4ndarna att veta \u00e4r att vi p\u00e5 Swish aldrig ringer upp eller sms:ar dem. Om n\u00e5gon kontaktar en anv\u00e4ndare och uppger att de kommer fr\u00e5n Swish \u00e4r det viktigt att de inte svarar p\u00e5 sms:et, inte klickar p\u00e5 n\u00e5gra l\u00e4nkar och avslutar samtalet om n\u00e5gon ringer upp. Om de k\u00e4nner sig oroliga r\u00e5der vi dem att kontakta sin bank och polisanm\u00e4la \u00e4rendet, s\u00e4ger kommunikationschefen p\u00e5 Swish, Jenny Ragnartz.<\/p>\n<p>Hon s\u00e4ger att Swish har koll p\u00e5 den h\u00e4r typen av bedr\u00e4gerif\u00f6rs\u00f6k och att man f\u00f6ljer dem noggrant. Just det h\u00e4r sms:et \u00e4r d\u00e4remot relativt nytt och utreds fortfarande.<\/p>\n","protected":false},"excerpt":{"rendered":"Publicerad 16 okt 2025 kl 11.58Uppdaterad kl 15.10 Ett sms som ser ut att komma fr\u00e5n betaltj\u00e4nsten Swish&hellip;\n","protected":false},"author":2,"featured_media":57069,"comment_status":"","ping_status":"","sticky":false,"template":"","format":"standard","meta":{"footnotes":""},"categories":[14],"tags":[22,23,26,27,17,21,24,25,28,29,15,16,2540,18,34,61,31,33,32,30,19,1307,3189,20,51,52,53,54],"class_list":{"0":"post-57068","1":"post","2":"type-post","3":"status-publish","4":"format-standard","5":"has-post-thumbnail","7":"category-varlden","8":"tag-breaking-news","9":"tag-breakingnews","10":"tag-featured-news","11":"tag-featurednews","12":"tag-headlines","13":"tag-huvudnyheter","14":"tag-latest-news","15":"tag-latestnews","16":"tag-main-news","17":"tag-mainnews","18":"tag-news","19":"tag-nyheter","20":"tag-organization-swish","21":"tag-rubriker","22":"tag-se","23":"tag-sections-tech","24":"tag-svenska","25":"tag-sverige","26":"tag-sweden","27":"tag-swedish","28":"tag-top-stories","29":"tag-topic-bedrageri","30":"tag-topic-it-sakerhet","31":"tag-topstories","32":"tag-varlden","33":"tag-world","34":"tag-world-news","35":"tag-worldnews"},"share_on_mastodon":{"url":"","error":""},"_links":{"self":[{"href":"https:\/\/www.europesays.com\/se\/wp-json\/wp\/v2\/posts\/57068","targetHints":{"allow":["GET"]}}],"collection":[{"href":"https:\/\/www.europesays.com\/se\/wp-json\/wp\/v2\/posts"}],"about":[{"href":"https:\/\/www.europesays.com\/se\/wp-json\/wp\/v2\/types\/post"}],"author":[{"embeddable":true,"href":"https:\/\/www.europesays.com\/se\/wp-json\/wp\/v2\/users\/2"}],"replies":[{"embeddable":true,"href":"https:\/\/www.europesays.com\/se\/wp-json\/wp\/v2\/comments?post=57068"}],"version-history":[{"count":0,"href":"https:\/\/www.europesays.com\/se\/wp-json\/wp\/v2\/posts\/57068\/revisions"}],"wp:featuredmedia":[{"embeddable":true,"href":"https:\/\/www.europesays.com\/se\/wp-json\/wp\/v2\/media\/57069"}],"wp:attachment":[{"href":"https:\/\/www.europesays.com\/se\/wp-json\/wp\/v2\/media?parent=57068"}],"wp:term":[{"taxonomy":"category","embeddable":true,"href":"https:\/\/www.europesays.com\/se\/wp-json\/wp\/v2\/categories?post=57068"},{"taxonomy":"post_tag","embeddable":true,"href":"https:\/\/www.europesays.com\/se\/wp-json\/wp\/v2\/tags?post=57068"}],"curies":[{"name":"wp","href":"https:\/\/api.w.org\/{rel}","templated":true}]}}