{"id":57081,"date":"2025-10-16T13:32:17","date_gmt":"2025-10-16T13:32:17","guid":{"rendered":"https:\/\/www.europesays.com\/se\/57081\/"},"modified":"2025-10-16T13:32:17","modified_gmt":"2025-10-16T13:32:17","slug":"norskt-fartyg-fast-under-svinesundsbron","status":"publish","type":"post","link":"https:\/\/www.europesays.com\/se\/57081\/","title":{"rendered":"Norskt fartyg fast under Svinesundsbron"},"content":{"rendered":"<p><a data-test-tag=\"internal-link\" href=\"https:\/\/www.aftonbladet.se\/av\/anna-sjogren\" class=\"hyperion-css-13ns1rr\" rel=\"nofollow noopener\" target=\"\" aria-label=\"Se alla artiklar av Anna Sj\u00f6gren\"><img decoding=\"async\" class=\"image-asset hyperion-css-n6kkq1\" data-test-tag=\"image-asset\" src=\"https:\/\/www.europesays.com\/se\/wp-content\/uploads\/2025\/10\/1760621536_587_fa39691c-4075-4329-a10a-f5aaf3ded9f9\"  alt=\"\"  loading=\"lazy\" fetchpriority=\"auto\" style=\"aspect-ratio:1900 \/ 1900\"\/><\/a><\/p>\n<p class=\"boxtextgrotesk-root_baa6 hyperion-css-7pajle\">Uppdaterad 12.09 | Publicerad 06.31<\/p>\n<p>share-arrowDela<\/p>\n<p>unsaveSpara<\/p>\n<p>expand-left<\/p>\n<p>helsk\u00e4rm<img decoding=\"async\" class=\"image-asset hyperion-css-u06ts1\" data-test-tag=\"image-asset\" src=\"https:\/\/www.europesays.com\/se\/wp-content\/uploads\/2025\/10\/10a63ed6-f127-4888-8897-081a23b76ff2\"  alt=\"\"  loading=\"eager\" fetchpriority=\"high\" style=\"aspect-ratio:1200 \/ 800\"\/> Foto: Lars-Henrik Aas<\/p>\n<p class=\"hyperion-css-1shl3oz\" data-test-tag=\"lead-text\">Ett norskt lastfartyg har fastnat under Svinesundsbron. <\/p>\n<p class=\"hyperion-css-1shl3oz\" data-test-tag=\"lead-text\">Enligt norska VG har det varit tjock dimma p\u00e5 platsen. <\/p>\n<p class=\"hyperion-css-1shl3oz\" data-test-tag=\"lead-text\">\u2013 Den \u00e4r tjock som \u00e4rtsoppa, vittnade deras fotograf p\u00e5 plats om under morgonen. <\/p>\n<p class=\"hyperion-css-1v9qo5x\">Det var under natten som ett norskt lastfartyg k\u00f6rde p\u00e5 grund under Svinesundsbron i <a data-test-tag=\"internal-link\" href=\"https:\/\/www.aftonbladet.se\/lokala-nyheter\/stromstad\" class=\"hyperion-css-15jkft9\" rel=\"nofollow noopener\" target=\"\" aria-label=\"Str\u00f6mstad\">Str\u00f6mstad<\/a>, <a aria-label=\"skriver Bohusl\u00e4ningen.\" class=\"default hyperion-css-15jkft9\" href=\"https:\/\/www.bohuslaningen.se\/nyheter\/vastsverige\/fartyg-fast-under-svinesundsbron.4b1ea876-3e1e-4d06-ad78-1eb967b21e0f\" rel=\"noopener nofollow noreferrer\" data-test-tag=\"external-link\" target=\"_blank\">skriver Bohusl\u00e4ningen.<\/a><\/p>\n<p class=\"hyperion-css-1v9qo5x\">Larmet kom vid halvtre p\u00e5 natten. <\/p>\n<p class=\"hyperion-css-1v9qo5x\">\u2013 Det \u00e4r ett fartyg lastat med timmer som st\u00e5r p\u00e5 grund mer eller mindre under bron. Vi har inga personskador, ingen olja i vattnet och ingen vattenintr\u00e4ngning i fartyget, s\u00e4ger Mattias Lindholm, presschef p\u00e5 <a data-test-tag=\"internal-link\" href=\"https:\/\/www.aftonbladet.se\/tagg\/kustbevakningen\" class=\"hyperion-css-15jkft9\" rel=\"nofollow noopener\" target=\"\" aria-label=\"Kustbevakningen\">Kustbevakningen<\/a> till tidningen.<\/p>\n<p class=\"hyperion-css-1v9qo5x\">Bilder visar hur fraktfartyget m\/s Hagland Captain st\u00e5r still under bron. Ingen person ska ha skadats i olyckan. En chef f\u00f6r rederiet Hagland <a aria-label=\"s\u00e4ger till VG\" class=\"default hyperion-css-15jkft9\" href=\"https:\/\/www.vg.no\/nyheter\/i\/4B5pRE\/svensk-avis-norsk-skip-har-kjoert-seg-fast-under-svinesundsbrua\" rel=\"noopener nofollow noreferrer\" data-test-tag=\"external-link\" target=\"_blank\">s\u00e4ger till VG<\/a> att alla ombord m\u00e5r bra. <\/p>\n<p>expand-left<\/p>\n<p>helsk\u00e4rm<img decoding=\"async\" class=\"image-asset hyperion-css-u06ts1\" data-test-tag=\"image-asset\" src=\"https:\/\/www.europesays.com\/se\/wp-content\/uploads\/2025\/10\/f1aaa715-e1db-49e9-bc54-22ee9bbb360e\"  alt=\"Ett norskt lastfartyg har fastnat under Svinesundsbron.\"  loading=\"eager\" fetchpriority=\"high\" style=\"aspect-ratio:1900 \/ 1267\"\/>Ett norskt lastfartyg har fastnat under Svinesundsbron. Foto: Lars-Henrik Aas<\/p>\n<p class=\"hyperion-css-1v9qo5x\">\u2013 En bogserb\u00e5t tillkallades, men Kustbevakningen beslutade att de skulle v\u00e4nta till n\u00e4sta h\u00f6gvatten, som \u00e4r klockan 15 i dag. S\u00e5 b\u00e5ten kommer att ligga kvar d\u00e4r den \u00e4r tills dess, s\u00e4ger Aanensen till tidningen. <\/p>\n<p>\u201dKan vara felnavigering\u201d<\/p>\n<p class=\"hyperion-css-1v9qo5x\">Han s\u00e4ger att sikten har varit lite d\u00e5lig och \u201dlite v\u00e4der och vind\u201d. Bes\u00e4ttningen och kaptenen ska vara erfarna.<\/p>\n<p class=\"hyperion-css-1v9qo5x\">\u2013 Jag vill inte f\u00f6rekomma n\u00e5got, men det kan se ut som en felnavigering. <\/p>\n<p class=\"hyperion-css-1v9qo5x\">Den svenska Kustbevakningen har inlett en utredning r\u00f6rande oaktsamhet i sj\u00f6trafiken och ska f\u00f6rh\u00f6ra bes\u00e4ttningen. <\/p>\n<p class=\"hyperion-css-1v9qo5x\">Svinessundsbron f\u00f6rbinder Sverige med Norge. <\/p>\n<p class=\"hyperion-css-1v9qo5x\">Det ska vara tjock dimma p\u00e5 platsen. <\/p>\n","protected":false},"excerpt":{"rendered":"Uppdaterad 12.09 | Publicerad 06.31 share-arrowDela unsaveSpara expand-left helsk\u00e4rm Foto: Lars-Henrik Aas Ett norskt lastfartyg har fastnat under&hellip;\n","protected":false},"author":2,"featured_media":57082,"comment_status":"","ping_status":"","sticky":false,"template":"","format":"standard","meta":{"footnotes":""},"categories":[5],"tags":[22,23,26,27,17,21,24,25,28,29,15,16,18,34,31,33,32,30,19,20],"class_list":{"0":"post-57081","1":"post","2":"type-post","3":"status-publish","4":"format-standard","5":"has-post-thumbnail","7":"category-rubriker","8":"tag-breaking-news","9":"tag-breakingnews","10":"tag-featured-news","11":"tag-featurednews","12":"tag-headlines","13":"tag-huvudnyheter","14":"tag-latest-news","15":"tag-latestnews","16":"tag-main-news","17":"tag-mainnews","18":"tag-news","19":"tag-nyheter","20":"tag-rubriker","21":"tag-se","22":"tag-svenska","23":"tag-sverige","24":"tag-sweden","25":"tag-swedish","26":"tag-top-stories","27":"tag-topstories"},"share_on_mastodon":{"url":"","error":""},"_links":{"self":[{"href":"https:\/\/www.europesays.com\/se\/wp-json\/wp\/v2\/posts\/57081","targetHints":{"allow":["GET"]}}],"collection":[{"href":"https:\/\/www.europesays.com\/se\/wp-json\/wp\/v2\/posts"}],"about":[{"href":"https:\/\/www.europesays.com\/se\/wp-json\/wp\/v2\/types\/post"}],"author":[{"embeddable":true,"href":"https:\/\/www.europesays.com\/se\/wp-json\/wp\/v2\/users\/2"}],"replies":[{"embeddable":true,"href":"https:\/\/www.europesays.com\/se\/wp-json\/wp\/v2\/comments?post=57081"}],"version-history":[{"count":0,"href":"https:\/\/www.europesays.com\/se\/wp-json\/wp\/v2\/posts\/57081\/revisions"}],"wp:featuredmedia":[{"embeddable":true,"href":"https:\/\/www.europesays.com\/se\/wp-json\/wp\/v2\/media\/57082"}],"wp:attachment":[{"href":"https:\/\/www.europesays.com\/se\/wp-json\/wp\/v2\/media?parent=57081"}],"wp:term":[{"taxonomy":"category","embeddable":true,"href":"https:\/\/www.europesays.com\/se\/wp-json\/wp\/v2\/categories?post=57081"},{"taxonomy":"post_tag","embeddable":true,"href":"https:\/\/www.europesays.com\/se\/wp-json\/wp\/v2\/tags?post=57081"}],"curies":[{"name":"wp","href":"https:\/\/api.w.org\/{rel}","templated":true}]}}