{"id":57083,"date":"2025-10-16T13:34:10","date_gmt":"2025-10-16T13:34:10","guid":{"rendered":"https:\/\/www.europesays.com\/se\/57083\/"},"modified":"2025-10-16T13:34:10","modified_gmt":"2025-10-16T13:34:10","slug":"viktor-claesson-tackar-for-sig-i-landslaget","status":"publish","type":"post","link":"https:\/\/www.europesays.com\/se\/57083\/","title":{"rendered":"Viktor Claesson tackar f\u00f6r sig i landslaget"},"content":{"rendered":"<p>Mittf\u00e4ltaren Viktor Claesson har av allt att d\u00f6ma gjort sin sista landskamp. I en intervju med bold.dk s\u00e4ger han att landslaget \u00e4r ett avslutat kapitel.<\/p>\n<p>Den nyligen sparkade f\u00f6rbundskaptenen Jon Dahl Tomasson ringde Claesson i somras och ville ha med honom i truppen.<\/p>\n<p>\u2013 Men jag sa att jag vill fokusera p\u00e5 klubblagsfotbollen.<\/p>\n<p>Claesson, som spelar i FC K\u00f6penhamn, har gjort 74 landskamper.<\/p>\n<p>Omni \u00e4r politiskt obundna och oberoende. Vi str\u00e4var efter att ge fler perspektiv p\u00e5 nyheterna. Har du fr\u00e5gor eller synpunkter kring v\u00e5r rapportering? <a href=\"https:\/\/omni.se\/viktor-claesson-tackar-for-sig-i-landslaget\/a\/mailto:redaktion@omni.se\" class=\"ArticleActions_contactLink__W2F1M\" rel=\"nofollow noopener\" target=\"_blank\">Kontakta redaktionen<\/a><\/p>\n","protected":false},"excerpt":{"rendered":"Mittf\u00e4ltaren Viktor Claesson har av allt att d\u00f6ma gjort sin sista landskamp. I en intervju med bold.dk s\u00e4ger&hellip;\n","protected":false},"author":2,"featured_media":57084,"comment_status":"","ping_status":"","sticky":false,"template":"","format":"standard","meta":{"footnotes":""},"categories":[68],"tags":[138,1196,1194,34,111,110,31,33,32,30,5458],"class_list":{"0":"post-57083","1":"post","2":"type-post","3":"status-publish","4":"format-standard","5":"has-post-thumbnail","7":"category-sport","8":"tag-fotboll","9":"tag-herrlandslaget-i-fotboll","10":"tag-jon-dahl-tomasson","11":"tag-se","12":"tag-sport","13":"tag-sports","14":"tag-svenska","15":"tag-sverige","16":"tag-sweden","17":"tag-swedish","18":"tag-viktor-claesson"},"share_on_mastodon":{"url":"","error":""},"_links":{"self":[{"href":"https:\/\/www.europesays.com\/se\/wp-json\/wp\/v2\/posts\/57083","targetHints":{"allow":["GET"]}}],"collection":[{"href":"https:\/\/www.europesays.com\/se\/wp-json\/wp\/v2\/posts"}],"about":[{"href":"https:\/\/www.europesays.com\/se\/wp-json\/wp\/v2\/types\/post"}],"author":[{"embeddable":true,"href":"https:\/\/www.europesays.com\/se\/wp-json\/wp\/v2\/users\/2"}],"replies":[{"embeddable":true,"href":"https:\/\/www.europesays.com\/se\/wp-json\/wp\/v2\/comments?post=57083"}],"version-history":[{"count":0,"href":"https:\/\/www.europesays.com\/se\/wp-json\/wp\/v2\/posts\/57083\/revisions"}],"wp:featuredmedia":[{"embeddable":true,"href":"https:\/\/www.europesays.com\/se\/wp-json\/wp\/v2\/media\/57084"}],"wp:attachment":[{"href":"https:\/\/www.europesays.com\/se\/wp-json\/wp\/v2\/media?parent=57083"}],"wp:term":[{"taxonomy":"category","embeddable":true,"href":"https:\/\/www.europesays.com\/se\/wp-json\/wp\/v2\/categories?post=57083"},{"taxonomy":"post_tag","embeddable":true,"href":"https:\/\/www.europesays.com\/se\/wp-json\/wp\/v2\/tags?post=57083"}],"curies":[{"name":"wp","href":"https:\/\/api.w.org\/{rel}","templated":true}]}}