{"id":57085,"date":"2025-10-16T13:35:27","date_gmt":"2025-10-16T13:35:27","guid":{"rendered":"https:\/\/www.europesays.com\/se\/57085\/"},"modified":"2025-10-16T13:35:27","modified_gmt":"2025-10-16T13:35:27","slug":"viral-sangerska-gripen-for-protestsang-mot-putin-2","status":"publish","type":"post","link":"https:\/\/www.europesays.com\/se\/57085\/","title":{"rendered":"Viral s\u00e5ngerska gripen f\u00f6r protests\u00e5ng mot Putin"},"content":{"rendered":"<p>share-arrowDela<\/p>\n<p>unsaveSpara<\/p>\n<p>expand-left<\/p>\n<p>helsk\u00e4rm<img decoding=\"async\" class=\"image-asset hyperion-css-u06ts1\" data-test-tag=\"image-asset\" src=\"https:\/\/www.europesays.com\/se\/wp-content\/uploads\/2025\/10\/2897055a-2492-46fa-b1fd-8326ea8f9bf6\"  alt=\"Rysslands president Vladimir Putin.\"  loading=\"eager\" fetchpriority=\"high\" style=\"aspect-ratio:1900 \/ 1267\"\/>Rysslands president Vladimir Putin. Foto: Vladimir Smirnov\/AP\/TT<\/p>\n<p class=\"hyperion-css-1shl3oz\" data-test-tag=\"lead-text\">En 18-\u00e5rig s\u00e5ngerska i ryska S:t Petersburg har gripits f\u00f6r att ha lett en alls\u00e5ng med kritik mot president Vladimir Putin.<\/p>\n<p class=\"hyperion-css-1v9qo5x\">Framtr\u00e4dandet, d\u00e4r hundratals unga sj\u00f6ng med i den f\u00f6rbjudna protests\u00e5ngen p\u00e5 den livliga huvudgatan Nevskij prospekt, blev viral, rapporterar The Kyiv Post.<\/p>\n<p class=\"hyperion-css-1v9qo5x\">Gatumusikanten Diana Loginova g\u00e5r under artistnamnet Naoko och sjunger med bandet Stoptime. Den aktuella protests\u00e5ngen \u201dCooperative Swan Lake\u201d sl\u00e4pptes 2022 av rapparen Noize MC. I den f\u00f6rd\u00f6ms Putins styre, annekteringen av Krim 2014 och den storskaliga invasionen av Ukraina 2022.<\/p>\n<p class=\"hyperion-css-1v9qo5x\">L\u00e5ten f\u00f6rd\u00f6mdes som \u201dextremistisk\u201d i v\u00e5ras av \u00e5klagarkammaren i S:t Petersburg, som h\u00e4vdar att den inneh\u00e5ller \u201dpropaganda f\u00f6r ett v\u00e5ldsamt statskuppf\u00f6rs\u00f6k\u201d.<\/p>\n<p class=\"hyperion-css-1v9qo5x\">Loginova kan komma att \u00e5talas f\u00f6r att ha talat illa om den ryska milit\u00e4ren och ha organiserat en otill\u00e5ten offentlig sammankomst, enligt lokala medier. De \u00f6vriga bandmedlemmarna uppges ha f\u00f6rh\u00f6rts av polisen men senare sl\u00e4ppts.<\/p>\n","protected":false},"excerpt":{"rendered":"share-arrowDela unsaveSpara expand-left helsk\u00e4rmRysslands president Vladimir Putin. Foto: Vladimir Smirnov\/AP\/TT En 18-\u00e5rig s\u00e5ngerska i ryska S:t Petersburg har&hellip;\n","protected":false},"author":2,"featured_media":57086,"comment_status":"","ping_status":"","sticky":false,"template":"","format":"standard","meta":{"footnotes":""},"categories":[67],"tags":[104,34,31,33,32,30,105],"class_list":{"0":"post-57085","1":"post","2":"type-post","3":"status-publish","4":"format-standard","5":"has-post-thumbnail","7":"category-underhallning","8":"tag-entertainment","9":"tag-se","10":"tag-svenska","11":"tag-sverige","12":"tag-sweden","13":"tag-swedish","14":"tag-underhallning"},"share_on_mastodon":{"url":"","error":""},"_links":{"self":[{"href":"https:\/\/www.europesays.com\/se\/wp-json\/wp\/v2\/posts\/57085","targetHints":{"allow":["GET"]}}],"collection":[{"href":"https:\/\/www.europesays.com\/se\/wp-json\/wp\/v2\/posts"}],"about":[{"href":"https:\/\/www.europesays.com\/se\/wp-json\/wp\/v2\/types\/post"}],"author":[{"embeddable":true,"href":"https:\/\/www.europesays.com\/se\/wp-json\/wp\/v2\/users\/2"}],"replies":[{"embeddable":true,"href":"https:\/\/www.europesays.com\/se\/wp-json\/wp\/v2\/comments?post=57085"}],"version-history":[{"count":0,"href":"https:\/\/www.europesays.com\/se\/wp-json\/wp\/v2\/posts\/57085\/revisions"}],"wp:featuredmedia":[{"embeddable":true,"href":"https:\/\/www.europesays.com\/se\/wp-json\/wp\/v2\/media\/57086"}],"wp:attachment":[{"href":"https:\/\/www.europesays.com\/se\/wp-json\/wp\/v2\/media?parent=57085"}],"wp:term":[{"taxonomy":"category","embeddable":true,"href":"https:\/\/www.europesays.com\/se\/wp-json\/wp\/v2\/categories?post=57085"},{"taxonomy":"post_tag","embeddable":true,"href":"https:\/\/www.europesays.com\/se\/wp-json\/wp\/v2\/tags?post=57085"}],"curies":[{"name":"wp","href":"https:\/\/api.w.org\/{rel}","templated":true}]}}