{"id":57106,"date":"2025-10-16T14:02:11","date_gmt":"2025-10-16T14:02:11","guid":{"rendered":"https:\/\/www.europesays.com\/se\/57106\/"},"modified":"2025-10-16T14:02:11","modified_gmt":"2025-10-16T14:02:11","slug":"forsta-apoteken-anslutna-till-nll-systemet","status":"publish","type":"post","link":"https:\/\/www.europesays.com\/se\/57106\/","title":{"rendered":"F\u00f6rsta apoteken anslutna till NLL-systemet"},"content":{"rendered":"<p>Nu \u00e4r de f\u00f6rsta apoteken anslutna till systemet Nationella l\u00e4kemedelslistan, NLL. F\u00f6rst ut var det frist\u00e5ende <a href=\"https:\/\/www.ehalsomyndigheten.se\/nyheter\/2025\/det-forsta-apoteket-ar-anslutet-till-nationella-lakemedelslistan\/\" rel=\"nofollow noopener\" target=\"_blank\">Essingens apotek <\/a>p\u00e5 Lilla Essingen i Stockholm. Och nu har \u00e4ven Apoteket AB med sina 400 apotek runt om i landet anslutit sig, <a href=\"https:\/\/www.ehalsomyndigheten.se\/nyheter\/2025\/apoteket-ar-anslutet-till-nationella-lakemedelslistan\/\" rel=\"nofollow noopener\" target=\"_blank\">meddelar E-h\u00e4lsomyndigheten<\/a> som utvecklar och sk\u00f6ter NLL.<\/p>\n<p>Deadline flyttad flera g\u00e5nger<\/p>\n<p>Nationella l\u00e4kemedelslistan \u00e4r en rikst\u00e4ckande digital informationsk\u00e4lla. Syftet med den \u00e4r att h\u00e4lso- och sjukv\u00e5rden, apoteken och patienten ska f\u00e5 tillg\u00e5ng till samma helt\u00e4ckande information om patientens f\u00f6rskrivna och uth\u00e4mtade l\u00e4kemedel och andra varor. Riksdagen fattade beslut om NLL 2018. Som L\u00e4kemedelsv\u00e4rlden fortl\u00f6pande <a href=\"https:\/\/www.lakemedelsvarlden.se\/lakemedelslista\/\" rel=\"nofollow noopener\" target=\"_blank\">rapporterat<\/a> har inf\u00f6randet tagit betydligt l\u00e4ngre tid \u00e4n planerat. E- h\u00e4lsomyndigheten har efter riksdagsbeslut flera g\u00e5nger f\u00e5tt flytta fram den deadline d\u00e5 b\u00e5de all v\u00e5rd och alla apotek ska vara anslutna.<\/p>\n<p><strong>F\u00f6rseningen beror p\u00e5<\/strong> att flera stora regioner h\u00e5ller p\u00e5 att byta ut sina journalsystem och d\u00e4rf\u00f6r inte hinner med den tekniska utveckling som kr\u00e4vs f\u00f6r att koppla in sig fullt ut p\u00e5 NLL. D\u00e4rf\u00f6r har v\u00e5rden f\u00e5tt \u00e4nda fram till 1 september 2028 p\u00e5 sig f\u00f6r sista delen av inf\u00f6randet. Det g\u00e4ller den del som inneb\u00e4r att man kan b\u00f6rja skriva in ordinationsorsak och uppf\u00f6ljningsdatum i systemet.<\/p>\n<p>Men den anslutning som beh\u00f6vs f\u00f6r att v\u00e5rden ska kunna l\u00e4sa informationen i NLL m\u00e5ste vara klar redan 1 december i \u00e5r. Senast samma datum m\u00e5ste apoteksakt\u00f6rerna vara anslutna.<\/p>\n<p>En milstolpe \u00e4r n\u00e5dd<\/p>\n<p>Att Essingens apotek och Apoteket AB nu \u00e4r klara med att ansluta sina recepthanteringssystem \u00e4r en milstolpe i inf\u00f6randet av NLL.<\/p>\n<p><strong>\u2013 D\u00e5 Apoteket har<\/strong> butiker \u00f6ver hela landet inneb\u00e4r det att vi har tagit ytterligare ett steg n\u00e4rmare den fulla nyttan av Nationella l\u00e4kemedelslistan, s\u00e4ger Henrik Almquist som \u00e4r kundansvarig p\u00e5 E-h\u00e4lsomyndigheten i ett <a href=\"https:\/\/www.ehalsomyndigheten.se\/nyheter\/2025\/apoteket-ar-anslutet-till-nationella-lakemedelslistan\/\" rel=\"nofollow noopener\" target=\"_blank\">pressmeddelande<\/a>.<\/p>\n<p>Men fr\u00e5gan \u00e4r f\u00f6rst\u00e5s om alla landets apotek och alla regioner kommer att hinna till 1 december. N\u00e4r det g\u00e4ller regionerna \u00e4r det hittills bara tre av 21 regioner som \u00e4r anslutna s\u00e5 att de kan l\u00e4sa informationen i NLL. Dessa regioner \u00e4r Sk\u00e5ne, Stockholm och Gotland. \u00c4ven Region V\u00e4stra G\u00f6taland har p\u00e5b\u00f6rjat sitt anslutningsarbete men inte hunnit lika l\u00e5ngt.<\/p>\n<p><strong>Ocks\u00e5 p\u00e5 apotekssidan<\/strong> \u00e4r det m\u00e5nga var som ska ansluta sig.<\/p>\n<p>Kallar tidplanen en utmaning<\/p>\n<p>Sara Sv\u00e4rd,\u00a0tillf\u00f6rordnad enhetschef p\u00e5 E-h\u00e4lsomyndigheten, uppger f\u00f6r <a href=\"https:\/\/www.svenskfarmaci.se\/2025\/10\/15\/apoteket-har-anslutit-sig-till-nll-lattare-att-hjalpa-patienten\/\" rel=\"nofollow noopener\" target=\"_blank\">Svensk farmaci<\/a>\u00a0att de flesta akt\u00f6rer kommer att ansluta sig under h\u00f6sten. Hon r\u00e4knar med att bland andra de 17 regioner som anv\u00e4nder journalsystemet Cosmic kommer att hinna till 1 december.<\/p>\n<p><strong>Men hon medger<\/strong> ocks\u00e5 att tidplanen \u00e4r \u201den utmaning\u201d och \u201dmycket som ska h\u00e4nda p\u00e5 kort tid\u201d.<\/p>\n<p>P\u00e5 <a href=\"https:\/\/www.ehalsomyndigheten.se\/yrkesverksam\/nationella-lakemedelslistan\/folj-anslutningen-till-nationella-lakemedelslistan\/\" rel=\"nofollow noopener\" target=\"_blank\">den h\u00e4r sidan p\u00e5 E-h\u00e4lsomyndighetens webbplats<\/a> kan man f\u00f6lja vilka regioner, privata v\u00e5rdgivare och apotek som ansluter sig.<\/p>\n","protected":false},"excerpt":{"rendered":"Nu \u00e4r de f\u00f6rsta apoteken anslutna till systemet Nationella l\u00e4kemedelslistan, NLL. F\u00f6rst ut var det frist\u00e5ende Essingens apotek&hellip;\n","protected":false},"author":2,"featured_media":57107,"comment_status":"","ping_status":"","sticky":false,"template":"","format":"standard","meta":{"footnotes":""},"categories":[65],"tags":[72,5459,70,71,5460,5461,34,31,33,32,30],"class_list":{"0":"post-57106","1":"post","2":"type-post","3":"status-publish","4":"format-standard","5":"has-post-thumbnail","7":"category-ekonomi","8":"tag-business","9":"tag-e-halsomyndigheten","10":"tag-economy","11":"tag-ekonomi","12":"tag-nationella-lakemedelslistan","13":"tag-nll","14":"tag-se","15":"tag-svenska","16":"tag-sverige","17":"tag-sweden","18":"tag-swedish"},"share_on_mastodon":{"url":"","error":""},"_links":{"self":[{"href":"https:\/\/www.europesays.com\/se\/wp-json\/wp\/v2\/posts\/57106","targetHints":{"allow":["GET"]}}],"collection":[{"href":"https:\/\/www.europesays.com\/se\/wp-json\/wp\/v2\/posts"}],"about":[{"href":"https:\/\/www.europesays.com\/se\/wp-json\/wp\/v2\/types\/post"}],"author":[{"embeddable":true,"href":"https:\/\/www.europesays.com\/se\/wp-json\/wp\/v2\/users\/2"}],"replies":[{"embeddable":true,"href":"https:\/\/www.europesays.com\/se\/wp-json\/wp\/v2\/comments?post=57106"}],"version-history":[{"count":0,"href":"https:\/\/www.europesays.com\/se\/wp-json\/wp\/v2\/posts\/57106\/revisions"}],"wp:featuredmedia":[{"embeddable":true,"href":"https:\/\/www.europesays.com\/se\/wp-json\/wp\/v2\/media\/57107"}],"wp:attachment":[{"href":"https:\/\/www.europesays.com\/se\/wp-json\/wp\/v2\/media?parent=57106"}],"wp:term":[{"taxonomy":"category","embeddable":true,"href":"https:\/\/www.europesays.com\/se\/wp-json\/wp\/v2\/categories?post=57106"},{"taxonomy":"post_tag","embeddable":true,"href":"https:\/\/www.europesays.com\/se\/wp-json\/wp\/v2\/tags?post=57106"}],"curies":[{"name":"wp","href":"https:\/\/api.w.org\/{rel}","templated":true}]}}