{"id":57132,"date":"2025-10-16T14:24:08","date_gmt":"2025-10-16T14:24:08","guid":{"rendered":"https:\/\/www.europesays.com\/se\/57132\/"},"modified":"2025-10-16T14:24:08","modified_gmt":"2025-10-16T14:24:08","slug":"nya-sami-priset-megafon-till-lisa-nilsson","status":"publish","type":"post","link":"https:\/\/www.europesays.com\/se\/57132\/","title":{"rendered":"Nya SAMI-priset Megafon till Lisa Nilsson"},"content":{"rendered":"<p><strong>Lisa Nilsson \u00e4r mottagaren av SAMI:s nyinstiftade pris Megafon, det avsl\u00f6jades under musikkonferensen Get Loud p\u00e5 Nalen i Stockholm. Priset hyllar en person som gjort betydande insatser f\u00f6r att st\u00e4rka musikers och artisters r\u00e4ttigheter.<\/strong><\/p>\n<p>\u201dPriset f\u00f6r 2025 g\u00e5r till artisten och s\u00e5ngerskan<strong> Lisa Nilsson<\/strong>, en av Sveriges mest respekterade artister, f\u00f6r hennes outtr\u00f6ttliga arbete med att lyfta fram villkoren f\u00f6r yrkesverksamma inom musikbranschen\u201d, sammanfattas i ett pressmeddelande.<\/p>\n<p>Priset<strong> Megafon<\/strong> instiftades av SAMI tidigare i \u00e5r och \u00e4r ett stipendium p\u00e5 50 000 kronor. Det delas ut till en person eller organisation som genom sitt arbete bidrar till ett mer inkluderande, h\u00e5llbart och r\u00e4ttvist musikliv.<\/p>\n<p>\u2013 Den h\u00e4r utm\u00e4rkelsen k\u00e4nns som en bel\u00f6ning f\u00f6r en hel del ideellt arbete och risktagande, samt en bekr\u00e4ftelse p\u00e5 att solidaritet \u00e4r n\u00e5got vi v\u00e4rnar om inom kulturen. Jag \u00e4r mycket stolt \u00f6ver att bli den f\u00f6rsta som f\u00e5r ta emot musikpriset Megafon. s\u00e4ger Lisa Nilsson.<\/p>\n<p><strong>Motivering:<\/strong><\/p>\n<p>F\u00f6r att utan agenda, uppdrag eller ers\u00e4ttning modigt ha klivit fram och satt ord p\u00e5 den frustration som artister och musiker drabbades av under pandemin. Hennes ord gav beslutsfattare djupare f\u00f6rst\u00e5else och fick en betydande inverkan p\u00e5 debatten och besluten om krisst\u00f6d. Hon \u00e4r en tydlig och or\u00e4dd r\u00f6st f\u00f6r musikskaparnas villkor som v\u00e5gar anv\u00e4nda sin plattform f\u00f6r att lyfta viktiga fr\u00e5gor \u2013 och g\u00f6r det med v\u00e4rme, sk\u00e4rpa och integritet. F\u00f6r sin starka r\u00f6st och sitt l\u00e5ngvariga engagemang f\u00f6r musikens och musikskaparnas v\u00e4rde tilldelas Lisa Nilsson SAMI:s musikpris Megafon 2025.<\/p>\n<p>\u2013 Lisa Nilsson \u00e4r en f\u00f6rebild som visar att musikens kraft inte bara ligger i toner, utan ocks\u00e5 i modet att st\u00e5 upp f\u00f6r r\u00e4ttvisa. Hennes insatser har gjort skillnad \u2013 och det \u00e4r precis vad Megafon-priset vill uppm\u00e4rksamma, s\u00e4ger <strong>Anneli Axelsson<\/strong>, ledamot i SAMI:s styrelse och sammankallande i stipendiejuryn.<\/p>\n<p><strong>Mer om Megafon:\u00a0<\/strong><\/p>\n<p>SAMI-priset Megafon hyllar musikens betydelse i samh\u00e4llet och uppmuntrar till fortsatt skapande genom att lyfta en person eller en organisation som arbetar f\u00f6r att st\u00e4rka musikers r\u00e4ttigheter och villkor i ett st\u00f6rre perspektiv. Megafon delas ut av SAMI och bygger p\u00e5 nomineringar, utifr\u00e5n vilka en jury utser pristagaren. Priset delas ut i samband med musikkonferensen Get Loud p\u00e5 Nalen i Stockholm. Stipendiejuryn 2025 best\u00e5r av<strong> Alina Devecerski, Jonas Nyberg, Maria Blom, Patric Skog<\/strong> och Anneli Axelsson.<\/p>\n<p>Lars Nylin<\/p>\n<p>Foto SAMI\/Zelma Schelin<\/p>\n","protected":false},"excerpt":{"rendered":"Lisa Nilsson \u00e4r mottagaren av SAMI:s nyinstiftade pris Megafon, det avsl\u00f6jades under musikkonferensen Get Loud p\u00e5 Nalen i&hellip;\n","protected":false},"author":2,"featured_media":57133,"comment_status":"","ping_status":"","sticky":false,"template":"","format":"standard","meta":{"footnotes":""},"categories":[67],"tags":[104,34,31,33,32,30,105],"class_list":{"0":"post-57132","1":"post","2":"type-post","3":"status-publish","4":"format-standard","5":"has-post-thumbnail","7":"category-underhallning","8":"tag-entertainment","9":"tag-se","10":"tag-svenska","11":"tag-sverige","12":"tag-sweden","13":"tag-swedish","14":"tag-underhallning"},"share_on_mastodon":{"url":"","error":""},"_links":{"self":[{"href":"https:\/\/www.europesays.com\/se\/wp-json\/wp\/v2\/posts\/57132","targetHints":{"allow":["GET"]}}],"collection":[{"href":"https:\/\/www.europesays.com\/se\/wp-json\/wp\/v2\/posts"}],"about":[{"href":"https:\/\/www.europesays.com\/se\/wp-json\/wp\/v2\/types\/post"}],"author":[{"embeddable":true,"href":"https:\/\/www.europesays.com\/se\/wp-json\/wp\/v2\/users\/2"}],"replies":[{"embeddable":true,"href":"https:\/\/www.europesays.com\/se\/wp-json\/wp\/v2\/comments?post=57132"}],"version-history":[{"count":0,"href":"https:\/\/www.europesays.com\/se\/wp-json\/wp\/v2\/posts\/57132\/revisions"}],"wp:featuredmedia":[{"embeddable":true,"href":"https:\/\/www.europesays.com\/se\/wp-json\/wp\/v2\/media\/57133"}],"wp:attachment":[{"href":"https:\/\/www.europesays.com\/se\/wp-json\/wp\/v2\/media?parent=57132"}],"wp:term":[{"taxonomy":"category","embeddable":true,"href":"https:\/\/www.europesays.com\/se\/wp-json\/wp\/v2\/categories?post=57132"},{"taxonomy":"post_tag","embeddable":true,"href":"https:\/\/www.europesays.com\/se\/wp-json\/wp\/v2\/tags?post=57132"}],"curies":[{"name":"wp","href":"https:\/\/api.w.org\/{rel}","templated":true}]}}