{"id":57158,"date":"2025-10-16T15:14:15","date_gmt":"2025-10-16T15:14:15","guid":{"rendered":"https:\/\/www.europesays.com\/se\/57158\/"},"modified":"2025-10-16T15:14:15","modified_gmt":"2025-10-16T15:14:15","slug":"affarsvarlden-lockas-inte-tillrackligt-av-kinnevik-for-att-motivera-ett-koprad","status":"publish","type":"post","link":"https:\/\/www.europesays.com\/se\/57158\/","title":{"rendered":"Aff\u00e4rsv\u00e4rlden lockas inte tillr\u00e4ckligt av Kinnevik f\u00f6r att motivera ett k\u00f6pr\u00e5d"},"content":{"rendered":"<p>&#13;<br \/>\n                        Substansv\u00e4rdet har stabiliserat sig \u00e4ven om det nog fortfarande finns risk i enskilda investeringar, som Kinneviks miljardsatsning p\u00e5 st\u00e5lprojektet Stegra. Den stora uppsidan i aktien \u00e4r nog ifall Cristina Stenbeck lyckas \u00e5teruppr\u00e4tta det stukade f\u00f6rtroendet f\u00f6r investmentbolaget, bed\u00f6mer tidningen. <\/p>\n<p>Substansrabatten ligger i dagsl\u00e4get p\u00e5 35 procent. <\/p>\n<p>&#8221;Samtidigt har vi sv\u00e5rt att bygga upp n\u00e5gon st\u00f6rre entusiasm kring Kinneviks befintliga portf\u00f6lj, som byggts upp p\u00e5 gamla investeringskriterier som visat sig inte fungera. Innehaven \u00e4r dessutom sv\u00e5ra att bed\u00f6ma och siffror f\u00f6r deras tillv\u00e4xt och l\u00f6nsamhet begr\u00e4nsad. Vi lockas inte tillr\u00e4ckligt f\u00f6r att s\u00e4tta n\u00e5got k\u00f6pr\u00e5d p\u00e5 Kinnevik&#8221;, skriver Aff\u00e4rsv\u00e4rlden.&#13;\n                    <\/p>\n","protected":false},"excerpt":{"rendered":"&#13; Substansv\u00e4rdet har stabiliserat sig \u00e4ven om det nog fortfarande finns risk i enskilda investeringar, som Kinneviks miljardsatsning&hellip;\n","protected":false},"author":2,"featured_media":57159,"comment_status":"","ping_status":"","sticky":false,"template":"","format":"standard","meta":{"footnotes":""},"categories":[65],"tags":[72,70,71,454,453,451,452,34,31,33,32,30,455],"class_list":{"0":"post-57158","1":"post","2":"type-post","3":"status-publish","4":"format-standard","5":"has-post-thumbnail","7":"category-ekonomi","8":"tag-business","9":"tag-economy","10":"tag-ekonomi","11":"tag-ekonomisk-analys","12":"tag-finans","13":"tag-finansiella-nyheter","14":"tag-investera","15":"tag-se","16":"tag-svenska","17":"tag-sverige","18":"tag-sweden","19":"tag-swedish","20":"tag-trading"},"share_on_mastodon":{"url":"","error":""},"_links":{"self":[{"href":"https:\/\/www.europesays.com\/se\/wp-json\/wp\/v2\/posts\/57158","targetHints":{"allow":["GET"]}}],"collection":[{"href":"https:\/\/www.europesays.com\/se\/wp-json\/wp\/v2\/posts"}],"about":[{"href":"https:\/\/www.europesays.com\/se\/wp-json\/wp\/v2\/types\/post"}],"author":[{"embeddable":true,"href":"https:\/\/www.europesays.com\/se\/wp-json\/wp\/v2\/users\/2"}],"replies":[{"embeddable":true,"href":"https:\/\/www.europesays.com\/se\/wp-json\/wp\/v2\/comments?post=57158"}],"version-history":[{"count":0,"href":"https:\/\/www.europesays.com\/se\/wp-json\/wp\/v2\/posts\/57158\/revisions"}],"wp:featuredmedia":[{"embeddable":true,"href":"https:\/\/www.europesays.com\/se\/wp-json\/wp\/v2\/media\/57159"}],"wp:attachment":[{"href":"https:\/\/www.europesays.com\/se\/wp-json\/wp\/v2\/media?parent=57158"}],"wp:term":[{"taxonomy":"category","embeddable":true,"href":"https:\/\/www.europesays.com\/se\/wp-json\/wp\/v2\/categories?post=57158"},{"taxonomy":"post_tag","embeddable":true,"href":"https:\/\/www.europesays.com\/se\/wp-json\/wp\/v2\/tags?post=57158"}],"curies":[{"name":"wp","href":"https:\/\/api.w.org\/{rel}","templated":true}]}}