{"id":57206,"date":"2025-10-16T16:21:08","date_gmt":"2025-10-16T16:21:08","guid":{"rendered":"https:\/\/www.europesays.com\/se\/57206\/"},"modified":"2025-10-16T16:21:08","modified_gmt":"2025-10-16T16:21:08","slug":"kyla-pa-ingang-kan-bli-minusgrader-i-soder","status":"publish","type":"post","link":"https:\/\/www.europesays.com\/se\/57206\/","title":{"rendered":"Kyla p\u00e5 ing\u00e5ng \u2013 kan bli minusgrader i s\u00f6der"},"content":{"rendered":"<p>Kallare v\u00e4der \u00e4r p\u00e5 v\u00e4g. Helgen ser ut att pr\u00e4glas av blygsamma temperaturer p\u00e5 fem till tio grader i hela landet dagtid, rapporterar SvD.<\/p>\n<p>Natten mot l\u00f6rdag v\u00e4ntas temperaturen sjunka under nollan i stora delar av landet, enligt Klarts meteorolog Lasse Rydqvist.<\/p>\n<p>\u2013 Det ser ut som att minusgraderna skulle kunna n\u00e5 ner till Halland, norra Sk\u00e5ne och Kronobergs l\u00e4n.<\/p>\n<p>Det finns samtidigt goda solchanser p\u00e5 de flesta h\u00e5ll. I b\u00f6rjan p\u00e5 n\u00e4sta vecka drar ett nytt l\u00e5gtryck in med moln och mildare temperaturer.<\/p>\n<p>Omni \u00e4r politiskt obundna och oberoende. Vi str\u00e4var efter att ge fler perspektiv p\u00e5 nyheterna. Har du fr\u00e5gor eller synpunkter kring v\u00e5r rapportering? <a href=\"https:\/\/omni.se\/kyla-pa-ingang-kan-bli-minusgrader-i-soder\/a\/mailto:redaktion@omni.se\" class=\"ArticleActions_contactLink__W2F1M\" rel=\"nofollow noopener\" target=\"_blank\">Kontakta redaktionen<\/a><\/p>\n","protected":false},"excerpt":{"rendered":"Kallare v\u00e4der \u00e4r p\u00e5 v\u00e4g. Helgen ser ut att pr\u00e4glas av blygsamma temperaturer p\u00e5 fem till tio grader&hellip;\n","protected":false},"author":2,"featured_media":57207,"comment_status":"","ping_status":"","sticky":false,"template":"","format":"standard","meta":{"footnotes":""},"categories":[5],"tags":[22,23,26,27,17,21,24,25,28,29,15,16,18,34,31,33,32,30,19,20,693],"class_list":{"0":"post-57206","1":"post","2":"type-post","3":"status-publish","4":"format-standard","5":"has-post-thumbnail","7":"category-rubriker","8":"tag-breaking-news","9":"tag-breakingnews","10":"tag-featured-news","11":"tag-featurednews","12":"tag-headlines","13":"tag-huvudnyheter","14":"tag-latest-news","15":"tag-latestnews","16":"tag-main-news","17":"tag-mainnews","18":"tag-news","19":"tag-nyheter","20":"tag-rubriker","21":"tag-se","22":"tag-svenska","23":"tag-sverige","24":"tag-sweden","25":"tag-swedish","26":"tag-top-stories","27":"tag-topstories","28":"tag-vader"},"share_on_mastodon":{"url":"","error":""},"_links":{"self":[{"href":"https:\/\/www.europesays.com\/se\/wp-json\/wp\/v2\/posts\/57206","targetHints":{"allow":["GET"]}}],"collection":[{"href":"https:\/\/www.europesays.com\/se\/wp-json\/wp\/v2\/posts"}],"about":[{"href":"https:\/\/www.europesays.com\/se\/wp-json\/wp\/v2\/types\/post"}],"author":[{"embeddable":true,"href":"https:\/\/www.europesays.com\/se\/wp-json\/wp\/v2\/users\/2"}],"replies":[{"embeddable":true,"href":"https:\/\/www.europesays.com\/se\/wp-json\/wp\/v2\/comments?post=57206"}],"version-history":[{"count":0,"href":"https:\/\/www.europesays.com\/se\/wp-json\/wp\/v2\/posts\/57206\/revisions"}],"wp:featuredmedia":[{"embeddable":true,"href":"https:\/\/www.europesays.com\/se\/wp-json\/wp\/v2\/media\/57207"}],"wp:attachment":[{"href":"https:\/\/www.europesays.com\/se\/wp-json\/wp\/v2\/media?parent=57206"}],"wp:term":[{"taxonomy":"category","embeddable":true,"href":"https:\/\/www.europesays.com\/se\/wp-json\/wp\/v2\/categories?post=57206"},{"taxonomy":"post_tag","embeddable":true,"href":"https:\/\/www.europesays.com\/se\/wp-json\/wp\/v2\/tags?post=57206"}],"curies":[{"name":"wp","href":"https:\/\/api.w.org\/{rel}","templated":true}]}}