{"id":57242,"date":"2025-10-16T17:08:10","date_gmt":"2025-10-16T17:08:10","guid":{"rendered":"https:\/\/www.europesays.com\/se\/57242\/"},"modified":"2025-10-16T17:08:10","modified_gmt":"2025-10-16T17:08:10","slug":"han-som-tagit-makten-med-sd","status":"publish","type":"post","link":"https:\/\/www.europesays.com\/se\/57242\/","title":{"rendered":"Han som tagit makten med SD"},"content":{"rendered":"<p>Publicerad 16 okt 2025 kl 17.11Uppdaterad kl 18.27<\/p>\n<p>Statsminister Ulf Kristersson anklagade Socialdemokraterna f\u00f6r att s\u00e4tta makten f\u00f6re politiken.<\/p>\n<p>Nu kastar Tobias Baudin (S) tillbaka anklagelsen om makthunger:<\/p>\n<p>\u2013\u00a0Kristersson tar mandatst\u00f6d av Sverigedemokraterna bara f\u00f6r att f\u00e5 bli statsminister.<\/p>\n<p><img   alt=\"\"\/><\/p>\n<p>Statsminister Ulf Kristersson (M).<\/p>\n<p>Foto: Christine Olsson\/TT \/ TT NYHETSBYR\u00c5N<\/p>\n<p>\u00d6ppna bild i helsk\u00e4rm<img loading=\"lazy\"   alt=\"\"\/><\/p>\n<p>S-ledaren Magdalena Andersson.<\/p>\n<p>Foto: FREDRIK WENNERLUND \/ STELLA PICTURES<\/p>\n<p>\u00d6ppna bild i helsk\u00e4rm<img loading=\"lazy\"   alt=\"\"\/><\/p>\n<p>Socialdemokraternas partisekreterare Tobias Baudin.<\/p>\n<p>Foto: JESSICA GOW\/TT \/ TT NYHETSBYR\u00c5N<\/p>\n<p>\u00d6ppna bild i helsk\u00e4rm<\/p>\n<p>Det var i en <a href=\"https:\/\/www.expressen.se\/nyheter\/politik\/kristerssons-regeringspik-mot-andersson-ar-livradd\/\" rel=\"nofollow noopener\" target=\"_blank\">intervju med Expressen<\/a> som Ulf Kristersson anklagade Socialdemokraterna f\u00f6r att vara ett utpr\u00e4glat maktparti.\u00a0<\/p>\n<p><a href=\"https:\/\/www.expressen.se\/tagg\/person\/tobias-baudin\/\" class=\"\" rel=\"nofollow noopener\" target=\"_blank\">Tobias Baudin<\/a> inst\u00e4mmer i att Socialdemokraterna vill ha makten och bilda regering \u2013 men f\u00f6r att kunna f\u00f6r\u00e4ndra.<\/p>\n<p>\u2013\u00a0Det \u00e4r klart att det \u00e4r frustrerande f\u00f6r oss att vi inte har makten n\u00e4r vi ser att Sverige g\u00e5r i fel riktning f\u00f6r varje dag som g\u00e5r, s\u00e4ger han.<\/p>\n<p>\u201d\u00c4r v\u00e4ldigt tydliga\u201d<\/p>\n<p>Samtidigt sl\u00e5r Baudin tillbaka och menar att det \u00e4r Ulf Kristersson som \u00e4r makthungrig, eftersom han regerar med st\u00f6d av SD.\u00a0<\/p>\n<p>Statsministern kritiserade ocks\u00e5 S-ledaren Magdalena Andersson f\u00f6r att inte vilja peka ut n\u00e5got lag p\u00e5 grund av r\u00e4dsla f\u00f6r att kopplas ihop med V och MP. Hennes besked \u00e4r i st\u00e4llet att Socialdemokraterna kan samarbeta med alla partier utom Sverigedemokraterna.<\/p>\n<p>Tobias Baudin s\u00e4ger att Socialdemokraterna knappast kommer att f\u00e5 50 procents v\u00e4ljarst\u00f6d och att partiet d\u00e5 m\u00e5ste samarbeta med andra.<\/p>\n<p>\u2013 Men vi t\u00e4nker inte g\u00f6ra det Kristersson har gjort. Vi t\u00e4nker inte ta st\u00f6d av Sverigedemokraterna f\u00f6r att Magdalena Andersson ska bli statsminister. D\u00e4r \u00e4r vi v\u00e4ldigt tydliga.<\/p>\n<p><img alt=\"\"\/>Ljudklippet gick inte att spela upp<\/p>\n<p>F\u00f6rs\u00f6k igen senare<\/p>\n","protected":false},"excerpt":{"rendered":"Publicerad 16 okt 2025 kl 17.11Uppdaterad kl 18.27 Statsminister Ulf Kristersson anklagade Socialdemokraterna f\u00f6r att s\u00e4tta makten f\u00f6re&hellip;\n","protected":false},"author":2,"featured_media":57243,"comment_status":"","ping_status":"","sticky":false,"template":"","format":"standard","meta":{"footnotes":""},"categories":[12],"tags":[22,23,26,27,17,21,24,25,28,29,15,16,1207,5468,530,18,34,583,31,33,32,30,19,20],"class_list":{"0":"post-57242","1":"post","2":"type-post","3":"status-publish","4":"format-standard","5":"has-post-thumbnail","7":"category-sverige","8":"tag-breaking-news","9":"tag-breakingnews","10":"tag-featured-news","11":"tag-featurednews","12":"tag-headlines","13":"tag-huvudnyheter","14":"tag-latest-news","15":"tag-latestnews","16":"tag-main-news","17":"tag-mainnews","18":"tag-news","19":"tag-nyheter","20":"tag-person-magdalena-andersson","21":"tag-person-tobias-baudin","22":"tag-person-ulf-kristersson","23":"tag-rubriker","24":"tag-se","25":"tag-sections-politik","26":"tag-svenska","27":"tag-sverige","28":"tag-sweden","29":"tag-swedish","30":"tag-top-stories","31":"tag-topstories"},"share_on_mastodon":{"url":"","error":""},"_links":{"self":[{"href":"https:\/\/www.europesays.com\/se\/wp-json\/wp\/v2\/posts\/57242","targetHints":{"allow":["GET"]}}],"collection":[{"href":"https:\/\/www.europesays.com\/se\/wp-json\/wp\/v2\/posts"}],"about":[{"href":"https:\/\/www.europesays.com\/se\/wp-json\/wp\/v2\/types\/post"}],"author":[{"embeddable":true,"href":"https:\/\/www.europesays.com\/se\/wp-json\/wp\/v2\/users\/2"}],"replies":[{"embeddable":true,"href":"https:\/\/www.europesays.com\/se\/wp-json\/wp\/v2\/comments?post=57242"}],"version-history":[{"count":0,"href":"https:\/\/www.europesays.com\/se\/wp-json\/wp\/v2\/posts\/57242\/revisions"}],"wp:featuredmedia":[{"embeddable":true,"href":"https:\/\/www.europesays.com\/se\/wp-json\/wp\/v2\/media\/57243"}],"wp:attachment":[{"href":"https:\/\/www.europesays.com\/se\/wp-json\/wp\/v2\/media?parent=57242"}],"wp:term":[{"taxonomy":"category","embeddable":true,"href":"https:\/\/www.europesays.com\/se\/wp-json\/wp\/v2\/categories?post=57242"},{"taxonomy":"post_tag","embeddable":true,"href":"https:\/\/www.europesays.com\/se\/wp-json\/wp\/v2\/tags?post=57242"}],"curies":[{"name":"wp","href":"https:\/\/api.w.org\/{rel}","templated":true}]}}