{"id":57267,"date":"2025-10-16T17:49:49","date_gmt":"2025-10-16T17:49:49","guid":{"rendered":"https:\/\/www.europesays.com\/se\/57267\/"},"modified":"2025-10-16T17:49:49","modified_gmt":"2025-10-16T17:49:49","slug":"en-av-fem-gor-stor-skillnad-for-klimatet","status":"publish","type":"post","link":"https:\/\/www.europesays.com\/se\/57267\/","title":{"rendered":"En av fem g\u00f6r stor skillnad f\u00f6r klimatet"},"content":{"rendered":"<p class=\"normal\">Varje ny pryl, bilresa, nybygge eller flygtur fyller p\u00e5 atmosf\u00e4ren med koldioxid. F\u00f6r att n\u00e4mna n\u00e5gra exempel. Just nu f\u00f6rbrukar vi koldioxidbudgeten i ett tempo som l\u00e4mnar mycket lite, eller inget kvar till barn och barnbarn.<\/p>\n<p class=\"normal\">\u2013 Jag kan inte s\u00e4ga till mina barnbarn att jag inte gjorde n\u00e5got f\u00f6r klimatomst\u00e4llningen bara f\u00f6r att det satt president si och s\u00e5 i USA eller vad det kan vara. Vi som enskilda personer spelar roll i det h\u00e4r arbetet, sade landsh\u00f6vding Brittis Benzler p\u00e5 ett evenemang tidigare i veckan.<\/p>\n<p class=\"normal\">Om alla sparar 1 av 5 fossila vanor s\u00e5 skulle utsl\u00e4ppen minska med 20%, s\u00e5 h\u00e4r kommer din nya tumregel: F\u00f6r varje \u00e5r och varje sak du g\u00f6r som har en fossil kostnad &#8211; resa, ink\u00f6p, renovering, investering &#8211; ska du spara in ytterligare 1 av 5.<\/p>\n<p class=\"normal\">Det kan betyda att du st\u00e4ller in vissa resor eller ink\u00f6p. Men det kan ocks\u00e5 betyda att du reser fossilfritt eller \u00e5terbrukar i st\u00e4llet f\u00f6r att k\u00f6pa nytt. Det v\u00e4sentliga \u00e4r att du g\u00f6r en f\u00f6r\u00e4ndring fr\u00e5n d\u00e4r du \u00e4r nu. Att du drar \u00e5t kranen med en femtedel om \u00e5ret. F\u00f6r\u00e4ndring kan vara jobbigt. F\u00f6r\u00e4ndring \u00e4r ofta jobbigt. D\u00e5 \u00e4r det viktigt att se vad som ligger i den andra v\u00e5gsk\u00e5len &#8211; inget mindre \u00e4n v\u00e5ra barns framtid. Men det \u00e4r ocks\u00e5 viktigt att p\u00e5minna sig om att det d\u00e4r h\u00e5llbara samh\u00e4llet p\u00e5 andra sidan omst\u00e4llningen kan rymma en hel del bra grejer &#8211; mer tid till familjen, musik, kompish\u00e4ng, fotboll, hallonpaj &#8211; och kanske mindre av b\u00e5de jobb- och prylstress.<br \/>Annorlunda, men inte s\u00e4mre.<\/p>\n","protected":false},"excerpt":{"rendered":"Varje ny pryl, bilresa, nybygge eller flygtur fyller p\u00e5 atmosf\u00e4ren med koldioxid. F\u00f6r att n\u00e4mna n\u00e5gra exempel. Just&hellip;\n","protected":false},"author":2,"featured_media":57268,"comment_status":"","ping_status":"","sticky":false,"template":"","format":"standard","meta":{"footnotes":""},"categories":[5],"tags":[22,23,26,27,17,21,24,25,28,29,15,16,18,34,31,33,32,30,19,20],"class_list":{"0":"post-57267","1":"post","2":"type-post","3":"status-publish","4":"format-standard","5":"has-post-thumbnail","7":"category-rubriker","8":"tag-breaking-news","9":"tag-breakingnews","10":"tag-featured-news","11":"tag-featurednews","12":"tag-headlines","13":"tag-huvudnyheter","14":"tag-latest-news","15":"tag-latestnews","16":"tag-main-news","17":"tag-mainnews","18":"tag-news","19":"tag-nyheter","20":"tag-rubriker","21":"tag-se","22":"tag-svenska","23":"tag-sverige","24":"tag-sweden","25":"tag-swedish","26":"tag-top-stories","27":"tag-topstories"},"share_on_mastodon":{"url":"","error":""},"_links":{"self":[{"href":"https:\/\/www.europesays.com\/se\/wp-json\/wp\/v2\/posts\/57267","targetHints":{"allow":["GET"]}}],"collection":[{"href":"https:\/\/www.europesays.com\/se\/wp-json\/wp\/v2\/posts"}],"about":[{"href":"https:\/\/www.europesays.com\/se\/wp-json\/wp\/v2\/types\/post"}],"author":[{"embeddable":true,"href":"https:\/\/www.europesays.com\/se\/wp-json\/wp\/v2\/users\/2"}],"replies":[{"embeddable":true,"href":"https:\/\/www.europesays.com\/se\/wp-json\/wp\/v2\/comments?post=57267"}],"version-history":[{"count":0,"href":"https:\/\/www.europesays.com\/se\/wp-json\/wp\/v2\/posts\/57267\/revisions"}],"wp:featuredmedia":[{"embeddable":true,"href":"https:\/\/www.europesays.com\/se\/wp-json\/wp\/v2\/media\/57268"}],"wp:attachment":[{"href":"https:\/\/www.europesays.com\/se\/wp-json\/wp\/v2\/media?parent=57267"}],"wp:term":[{"taxonomy":"category","embeddable":true,"href":"https:\/\/www.europesays.com\/se\/wp-json\/wp\/v2\/categories?post=57267"},{"taxonomy":"post_tag","embeddable":true,"href":"https:\/\/www.europesays.com\/se\/wp-json\/wp\/v2\/tags?post=57267"}],"curies":[{"name":"wp","href":"https:\/\/api.w.org\/{rel}","templated":true}]}}