{"id":57270,"date":"2025-10-16T17:57:22","date_gmt":"2025-10-16T17:57:22","guid":{"rendered":"https:\/\/www.europesays.com\/se\/57270\/"},"modified":"2025-10-16T17:57:22","modified_gmt":"2025-10-16T17:57:22","slug":"duplantis-stod-till-frida-karlsson-ingen-robot","status":"publish","type":"post","link":"https:\/\/www.europesays.com\/se\/57270\/","title":{"rendered":"Duplantis st\u00f6d till Frida Karlsson: \u201dIngen robot\u201d"},"content":{"rendered":"<p>Publicerad 16 okt 2025 kl 07.29Uppdaterad kl 11.20<\/p>\n<p>Till slut kunde Frida Karlsson inte vara tyst l\u00e4ngre.<\/p>\n<p>\u2013 Jag beh\u00f6vde g\u00f6ra det h\u00e4r. Det \u00e4r mitt ansvar mot n\u00e4sta generation, s\u00e4ger 26-\u00e5ringen.<\/p>\n<p>Nu backas skidstj\u00e4rnan upp fr\u00e5n ov\u00e4ntat h\u00e5ll.<\/p>\n<p>\u2013 Jag h\u00e5ller med Frida. Det \u00e4r ingen f\u00f6rdel att vara en robot, s\u00e4ger Armand Duplantis.\u00a0<\/p>\n<p><img loading=\"lazy\"   alt=\"\"\/><\/p>\n<p>Armand Duplantis.<\/p>\n<p>Foto: GOUHIER NICOLAS \/ STELLA PICTURES\/ABACA PRESS<\/p>\n<p>\u00d6ppna bild i helsk\u00e4rm<img loading=\"lazy\"   alt=\"\"\/><\/p>\n<p>Frida Karlsson.<\/p>\n<p>Foto: MARIUS SIMENSEN \/ BILDBYR\u00c5N<\/p>\n<p>\u00d6ppna bild i helsk\u00e4rm<\/p>\n<p>Det var den 17 september som <a href=\"https:\/\/www.expressen.se\/tagg\/person\/frida-karlsson\/\" class=\"\" rel=\"nofollow noopener\" target=\"_blank\">Frida Karlsson<\/a> efter en tids tystnad p\u00e5 sociala medier lade ut ett nytt inl\u00e4gg p\u00e5 sitt Instagram-konto.<\/p>\n<p>Gensvaret?<\/p>\n<p>Enormt.<\/p>\n<p>Frida Karlssons inl\u00e4gg har hittills f\u00e5tt dryga 45 000 likes och n\u00e4rmare 800 kommentarer.\u00a0<\/p>\n<p>Inneh\u00e5llet har ocks\u00e5 uppm\u00e4rksammats l\u00e5ngt utanf\u00f6r Sveriges gr\u00e4nser. Till exempel i Norge d\u00e4r Frida Karlssons ord hyllas av flera norska landslagsherrar.<\/p>\n<p>\u2013 Det var spot on, s\u00e4ger Even Northug till <a href=\"https:\/\/www.tv2.no\/sport\/frida-karlsson-tar-oppgjor-blir-en-sykdom\/18136615\/\" rel=\"nofollow noopener\" target=\"_blank\">TV2<\/a>.<\/p>\n<p>\u2013 Ja, jag h\u00e5ller med om v\u00e4ldigt mycket, s\u00e4ger Harald \u00d6stberg Amundsen till <a href=\"https:\/\/www.tv2.no\/sport\/frida-karlsson-tar-oppgjor-blir-en-sykdom\/18136615\/\" rel=\"nofollow noopener\" target=\"_blank\">samma norska tv-kanal.\u00a0<\/a><\/p>\n<p>Frida Karlssons manifest<\/p>\n<p>Frida Karlssons inl\u00e4gg kan n\u00e4stan liknas vid ett manifest med ett klart budskap: v\u00e5ga g\u00e5 din v\u00e4g \u2013 i st\u00e4llet f\u00f6r att tr\u00e4na som alla andra.<\/p>\n<p>\u201dMed teorier, forskning och optimering, har idrottare b\u00f6rjat formas mer som maskiner \u00e4n m\u00e4nniskor\u201d, skriver Frida Karlsson.<\/p>\n<p>Och forts\u00e4tter bland annat med orden:<\/p>\n<p>\u201dJag saknar det d\u00e4r lite vilda. Det d\u00e4r n\u00e4r man v\u00e5gade prova n\u00e5got helt nytt och misslyckas f\u00f6r att l\u00e4ra sig. Idrotten ska vara lekfull och fri \u2013 som en dans utan koreografi.\u201d<\/p>\n<p>N\u00e4r Expressen tr\u00e4ffar Frida Karlsson i \u00d6stersund \u00e4r hon l\u00e4tt f\u00f6rbluffad \u00f6ver hur m\u00e5nga som reagerat p\u00e5 inl\u00e4gget.\u00a0<\/p>\n<p>\u2013 Mmm, det var ju m\u00e5nga som delade mina tankar. Det blev bra spridning.<\/p>\n<p>Sedan forts\u00e4tter Frida Karlsson:<\/p>\n<p>\u2013 Men det h\u00e4r \u00e4r n\u00e5got som jag reflekterat mycket \u00f6ver. Det h\u00e4r vill jag st\u00e5 f\u00f6r och d\u00e5 ska jag dela det.<\/p>\n<p>Frida Karlsson: \u201dBlir mer naket\u201d<\/p>\n<p><strong>D\u00e5 m\u00e5ste det vara extra sk\u00f6nt med gensvaret du f\u00e5tt?<\/strong><\/p>\n<p>\u2013 Ja, det har det varit. Det blir ju lite mer naket n\u00e4r man v\u00e4lkomnar n\u00e5gon in i ens inre tankar.\u00a0<\/p>\n<p>Frida Karlsson skrattar till innan hon s\u00e4ger:<\/p>\n<p>\u2013 Men jag b\u00f6rjar v\u00e4l bli s\u00e5 trygg i mig sj\u00e4lv att jag inte bryr mig.\u00a0<\/p>\n<p>Annons<\/p>\n<p>Frida Karlsson \u00e4r heller inte ensam om sin kritik mot ett allt mer maskinellt utformad talangutveckling inom idrotten.<\/p>\n<p>Stavhopparen Armand Duplantis \u00e4r ett exempel. I samband med VM i Tokyo <a href=\"https:\/\/www.svtplay.se\/klipp\/jMyyqQB\/alhaji-jeng-moter-mondo?video=visa&amp;position=225\" rel=\"nofollow noopener\" target=\"_blank\">ifr\u00e5gasatte \u201dMondo\u201d <\/a>i en intervju med SVT varf\u00f6r svenska idrottare alltid s\u00e5 slaviskt f\u00f6ljer sina tr\u00e4ningsprogram.<\/p>\n<p>N\u00e4r Expressen nu tr\u00e4ffar Duplantis lyser han upp n\u00e4r han f\u00e5r h\u00f6ra om det \u201dmanifest\u201d som Frida Karlsson lagt ut.<\/p>\n<p>\u2013 Ja, jag h\u00e5ller med Frida! Och jag tror att jag \u00e4r ett v\u00e4ldigt bra exempel p\u00e5 att man kan ha ett liv vid sidan av sin idrott och \u00e4nd\u00e5 vara bra p\u00e5 den, s\u00e4ger Armand Duplantis.<\/p>\n<p><strong>Ber\u00e4tta g\u00e4rna mer.<\/strong><\/p>\n<p>\u2013 Jag lever ett liv d\u00e4r jag njuter av mycket grejer och umg\u00e5s med v\u00e4nner p\u00e5 helgerna n\u00e4r det passar med mitt tr\u00e4nings- och t\u00e4vlingsschema. Jag f\u00f6rs\u00f6ker alltid g\u00f6ra saker som ger mig gl\u00e4dje.<\/p>\n<p>Duplantis: \u201dFolk f\u00f6rst\u00e5r inte\u201d<\/p>\n<p>Duplantis forts\u00e4tter:<\/p>\n<p>\u2013 Folk f\u00f6rst\u00e5r inte hur mycket det hj\u00e4lper ens prestation n\u00e4r man \u00e4r glad och har balans i livet. Inte bara tr\u00e4na p\u00e5 stenh\u00e5rt och f\u00f6lja ett schema. Det \u00e4r ingen f\u00f6rdel att vara en robot.<\/p>\n<p>St\u00f6det fr\u00e5n Armand Duplantis i fr\u00e5gan v\u00e4lkomnar f\u00f6rst\u00e5s Frida Karlsson.<\/p>\n<p>\u2013 Det ger allt lite extra tyngd, och det h\u00e4r \u00e4r ju viktigt f\u00f6r mig, s\u00e4ger hon.\u00a0<\/p>\n<p><strong>Varf\u00f6r \u00e4r det s\u00e5 viktigt?<\/strong><\/p>\n<p>\u2013 Det ber\u00f6r ju m\u00e5nga. Det h\u00e4r handlar ju inte bara om oss i elitidrottare. Trenden med alla m\u00f6jliga olika sorters m\u00e4tinstrument finns ju \u00f6verallt nu.<\/p>\n<p>Frida Karlsson forts\u00e4tter:\u00a0<\/p>\n<p>\u2013 Jag tycker man b\u00f6rjat m\u00e4ta s\u00f6nder sj\u00e4len i idrotten. Att det b\u00f6rjar bli tr\u00e5kigt. Att idrottaren tappar sin personlighet. I st\u00e4llet skapas maskiner.\u00a0<\/p>\n<p>\u2013 Och jag vill st\u00e5 f\u00f6r det mer m\u00e4nskliga.<\/p>\n<p>Hela Frida Karlssons inl\u00e4gg p\u00e5 Instagram<\/p>\n<p>Ska vi idrottare verkligen alltid str\u00e4va efter det perfekta? F\u00f6lja forskningen slaviskt? Eller \u00e4r det okej att vara lite Frida fort och fel ibland??<\/p>\n<p>Jag har alltid f\u00e5tt h\u00f6ra: f\u00f6r att bli b\u00e4st m\u00e5ste man g\u00e5 sin egna v\u00e4g. Men med teorier, forskning och optimering, har idrottare b\u00f6rjat formas mer som maskiner \u00e4n m\u00e4nniskor.<\/p>\n<p>Alla tr\u00e4nar n\u00e4stan likadant, f\u00f6ljer alla nya studier, testas lika. Lyssnar mer till puls, laktatm\u00e4tare och s\u00f6mnring \u00e4n till sin egna kropp och magk\u00e4nsla.<\/p>\n<p>Vi riskerar att tappa det unika \u2013 det of\u00f6ruts\u00e4gbara, det m\u00e4nskliga, det roliga.<\/p>\n<p>Jag saknar det d\u00e4r lite vilda. Det d\u00e4r n\u00e4r man v\u00e5gade prova n\u00e5got helt nytt och misslyckas f\u00f6r att l\u00e4ra sig. Idrotten ska vara lekfull och fri \u2013 som en dans utan koreografi. En kropp som f\u00f6ljer sin egen rytm, med ett mod att g\u00f6ra saker p\u00e5 sitt s\u00e4tt.<\/p>\n<p>Visst, kunskap och forskning \u00e4r viktigt. Men den d\u00e4r speciella gnistan som vissa idrottare har g\u00e5r inte att m\u00e4ta i n\u00e5got labb. Det handlar om kreativitet, passion och mod. Att \u00e4lska utmaningen. F\u00f6rm\u00e5gan att t\u00e4nja p\u00e5 gr\u00e4nserna.<\/p>\n<p>Det b\u00e4sta &#8211; det utstickande- det optimala f\u00f6r varje individ har ingen gemensam formel.<\/p>\n<p>S\u00e5 kanske \u00e4r det dags att sl\u00e4ppa lite p\u00e5 kontrollen!<\/p>\n<p>Visa mer<\/p>\n","protected":false},"excerpt":{"rendered":"Publicerad 16 okt 2025 kl 07.29Uppdaterad kl 11.20 Till slut kunde Frida Karlsson inte vara tyst l\u00e4ngre. \u2013&hellip;\n","protected":false},"author":2,"featured_media":57271,"comment_status":"","ping_status":"","sticky":false,"template":"","format":"standard","meta":{"footnotes":""},"categories":[5],"tags":[22,23,26,27,17,21,24,25,28,29,15,16,835,4484,18,34,857,31,33,32,30,19,20],"class_list":{"0":"post-57270","1":"post","2":"type-post","3":"status-publish","4":"format-standard","5":"has-post-thumbnail","7":"category-rubriker","8":"tag-breaking-news","9":"tag-breakingnews","10":"tag-featured-news","11":"tag-featurednews","12":"tag-headlines","13":"tag-huvudnyheter","14":"tag-latest-news","15":"tag-latestnews","16":"tag-main-news","17":"tag-mainnews","18":"tag-news","19":"tag-nyheter","20":"tag-person-armand-duplantis","21":"tag-person-frida-karlsson","22":"tag-rubriker","23":"tag-se","24":"tag-sections-langdskidor","25":"tag-svenska","26":"tag-sverige","27":"tag-sweden","28":"tag-swedish","29":"tag-top-stories","30":"tag-topstories"},"share_on_mastodon":{"url":"","error":""},"_links":{"self":[{"href":"https:\/\/www.europesays.com\/se\/wp-json\/wp\/v2\/posts\/57270","targetHints":{"allow":["GET"]}}],"collection":[{"href":"https:\/\/www.europesays.com\/se\/wp-json\/wp\/v2\/posts"}],"about":[{"href":"https:\/\/www.europesays.com\/se\/wp-json\/wp\/v2\/types\/post"}],"author":[{"embeddable":true,"href":"https:\/\/www.europesays.com\/se\/wp-json\/wp\/v2\/users\/2"}],"replies":[{"embeddable":true,"href":"https:\/\/www.europesays.com\/se\/wp-json\/wp\/v2\/comments?post=57270"}],"version-history":[{"count":0,"href":"https:\/\/www.europesays.com\/se\/wp-json\/wp\/v2\/posts\/57270\/revisions"}],"wp:featuredmedia":[{"embeddable":true,"href":"https:\/\/www.europesays.com\/se\/wp-json\/wp\/v2\/media\/57271"}],"wp:attachment":[{"href":"https:\/\/www.europesays.com\/se\/wp-json\/wp\/v2\/media?parent=57270"}],"wp:term":[{"taxonomy":"category","embeddable":true,"href":"https:\/\/www.europesays.com\/se\/wp-json\/wp\/v2\/categories?post=57270"},{"taxonomy":"post_tag","embeddable":true,"href":"https:\/\/www.europesays.com\/se\/wp-json\/wp\/v2\/tags?post=57270"}],"curies":[{"name":"wp","href":"https:\/\/api.w.org\/{rel}","templated":true}]}}