{"id":57295,"date":"2025-10-16T18:29:10","date_gmt":"2025-10-16T18:29:10","guid":{"rendered":"https:\/\/www.europesays.com\/se\/57295\/"},"modified":"2025-10-16T18:29:10","modified_gmt":"2025-10-16T18:29:10","slug":"fortfarande-sommar-i-stockholm-men-nu-kommer-minusgraderna","status":"publish","type":"post","link":"https:\/\/www.europesays.com\/se\/57295\/","title":{"rendered":"Fortfarande sommar i Stockholm \u2013 men nu kommer minusgraderna"},"content":{"rendered":"<p><a data-test-tag=\"internal-link\" href=\"https:\/\/www.aftonbladet.se\/av\/isaac-turner\" class=\"hyperion-css-13ns1rr\" rel=\"nofollow noopener\" target=\"\" aria-label=\"Se alla artiklar av Isaac Turner\"><img decoding=\"async\" class=\"image-asset hyperion-css-n6kkq1\" data-test-tag=\"image-asset\" src=\"https:\/\/www.europesays.com\/se\/wp-content\/uploads\/2025\/10\/1760639349_883_88ab2c5c-9596-464b-83dc-09f53b683928\"  alt=\"\"  loading=\"lazy\" fetchpriority=\"auto\" style=\"aspect-ratio:1900 \/ 1900\"\/><\/a>share-arrowDela<\/p>\n<p>unsaveSpara<\/p>\n<p>expand-left<\/p>\n<p>helsk\u00e4rm<img decoding=\"async\" class=\"image-asset hyperion-css-u06ts1\" data-test-tag=\"image-asset\" src=\"https:\/\/www.europesays.com\/se\/wp-content\/uploads\/2025\/10\/6885dc00-bad6-4c12-926a-f39794a81151\"  alt=\"H\u00f6sten \u00e4r ovanligt sen i Stockholmsomr\u00e5det.\"  loading=\"eager\" fetchpriority=\"high\" style=\"aspect-ratio:1900 \/ 1060\"\/>H\u00f6sten \u00e4r ovanligt sen i Stockholmsomr\u00e5det. Foto: Gabriella Bruske\/TT<\/p>\n<p class=\"hyperion-css-1shl3oz\" data-test-tag=\"lead-text\">Den meteorologiska sommaren h\u00e4nger kvar i Stockholm. <\/p>\n<p class=\"hyperion-css-1shl3oz\" data-test-tag=\"lead-text\">\u2013 Det \u00e4r ovanligt sent, s\u00e4ger Lasse Rydqvist, meteorolog p\u00e5 Klart.<\/p>\n<p class=\"hyperion-css-1shl3oz\" data-test-tag=\"lead-text\">Men i helgen kommer minusgraderna. <\/p>\n<ul class=\"hyperion-css-e9gx76\" data-test-tag=\"list\">\n<li class=\"hyperion-css-1d843yr\">Trots att det \u00e4r ovanligt sent \u00e4r det fortfarande meteorologisk sommar i Stockholm, men minusgrader v\u00e4ntas till helgen.  <\/li>\n<li class=\"hyperion-css-1d843yr\">Historiskt sett intr\u00e4ffar den meteorologiska h\u00f6sten i Stockholm i b\u00f6rjan av oktober, men i \u00e5r har sommartemperaturerna dr\u00f6jt kvar l\u00e4ngre \u00e4n vanligt.  <\/li>\n<li class=\"hyperion-css-1d843yr\">I Norrbotten, framf\u00f6r allt i Lule\u00e5 och Pite\u00e5, var h\u00f6stens ankomst rekordsen i \u00e5r, med Pite\u00e5 upplevande den senaste h\u00f6sten p\u00e5 140 \u00e5r. <\/li>\n<\/ul>\n<p>L\u00e4s mer<\/p>\n<p class=\"hyperion-css-1v9qo5x\">\u00c4ven om v\u00e4dret i huvudstaden kanske k\u00e4nns som h\u00f6st \u00e4r det fortfarande meteorologisk sommar. <\/p>\n<p class=\"hyperion-css-1v9qo5x\">Men kanske bara i n\u00e5gra dagar till.<\/p>\n<p class=\"hyperion-css-1v9qo5x\">\u2013 Kikar man p\u00e5 prognosen skulle det faktiskt kunna vara h\u00f6st redan imorgon, s\u00e4ger Lasse Rydqvist.<\/p>\n<p class=\"hyperion-css-1v9qo5x\">Prognosen \u00e4r dock v\u00e4ldigt sv\u00e5r att lita p\u00e5. <\/p>\n<p class=\"hyperion-css-1v9qo5x\">F\u00f6r att l\u00e4mna meteorologisk sommar och g\u00e5 \u00f6ver till h\u00f6st kr\u00e4vs det att dygnsmedeltemperaturen \u00e4r under tio grader \u2013 fem dagar i rad. D\u00e5 blir den f\u00f6rsta av dagarna den f\u00f6rsta faktiska h\u00f6stdagen. <\/p>\n<p class=\"hyperion-css-1v9qo5x\">Och temperaturen ligger st\u00e4ndigt och nosar p\u00e5 gr\u00e4nsen.<\/p>\n<p class=\"hyperion-css-1v9qo5x\">\u2013 Det n\u00e4rmsta vi har varit \u00e4r tre dagar i rad, s\u00f6ndag till tisdag, men ig\u00e5r var temperaturen uppe p\u00e5 10,2 grader. <\/p>\n<p>expand-left<\/p>\n<p>helsk\u00e4rm<img decoding=\"async\" class=\"image-asset hyperion-css-u06ts1\" data-test-tag=\"image-asset\" src=\"https:\/\/www.europesays.com\/se\/wp-content\/uploads\/2025\/10\/a6fec01e-0024-4e3d-9fc8-40d1df4e82e8\"  alt=\"Lasse Rydqvist, meteorolog p\u00e5 Klart, s\u00e4ger att h\u00f6sten har varit v\u00e4ldigt sen p\u00e5 m\u00e5nga h\u00e5ll.\"  loading=\"eager\" fetchpriority=\"high\" style=\"aspect-ratio:1900 \/ 1320\"\/>Lasse Rydqvist, meteorolog p\u00e5 Klart, s\u00e4ger att h\u00f6sten har varit v\u00e4ldigt sen p\u00e5 m\u00e5nga h\u00e5ll. Foto: Magnus Wennman\u201dOvanligt sent\u201d<\/p>\n<p class=\"hyperion-css-1v9qo5x\">Trots att det fortfarande \u00e4r sommar \u00e4ven l\u00e4ngs G\u00f6talandskusten, p\u00e5 \u00d6land och p\u00e5 Gotland, sticker Stockholm ut. Historiskt sett brukar den officiella h\u00f6sten sl\u00e5 till d\u00e4r i b\u00f6rjan av oktober. <\/p>\n<p class=\"hyperion-css-1v9qo5x\">Men \u00e4ven i Norrbotten, framf\u00f6r allt i Lule\u00e5 och Pite\u00e5, dr\u00f6jde sig sommaren kvar. <\/p>\n<p class=\"hyperion-css-1v9qo5x\">\u2013 Det var rekordsen h\u00f6st i Lule\u00e5 n\u00e4r den kom f\u00f6r knappt tv\u00e5 veckor sen. I Pite\u00e5 var det den senaste h\u00f6sten p\u00e5 140 \u00e5r, s\u00e4ger Lasse Rydqvist, meteorolog p\u00e5 Klart.<\/p>\n<p>expand-left<\/p>\n<p>helsk\u00e4rm<img decoding=\"async\" class=\"image-asset hyperion-css-u06ts1\" data-test-tag=\"image-asset\" src=\"https:\/\/www.europesays.com\/se\/wp-content\/uploads\/2025\/10\/b1c7e5f8-4fa3-4239-8862-4e037f29b393\"  alt=\"Sommaren dr\u00f6jer sig kvar, \u00e4ven om h\u00f6sten gjort sitt int\u00e5g i n\u00e4stan hela landet.\"  loading=\"eager\" fetchpriority=\"high\" style=\"aspect-ratio:583 \/ 753\"\/>Sommaren dr\u00f6jer sig kvar, \u00e4ven om h\u00f6sten gjort sitt int\u00e5g i n\u00e4stan hela landet. Foto: SmhiV\u00e4ntas minusgrader<\/p>\n<p class=\"hyperion-css-1v9qo5x\">Dr\u00f6jer sig de meteorologiska sommartemperaturerna kvar i Stockholm \u00e4ven n\u00e4sta vecka \u00e4r de uppe p\u00e5 rekordsiffror \u00e4ven d\u00e4r. <\/p>\n<p class=\"hyperion-css-1v9qo5x\">\u2013 Men det \u00e4r gr\u00e4nsfall eftersom det \u00e4r s\u00e5 pass kall luft som kommer de n\u00e4rmsta dagarna.<\/p>\n<p class=\"hyperion-css-1v9qo5x\">Till helgen b\u00f6r den varma jackan \u00e5ka p\u00e5. \u00c5tminstone under natten till l\u00f6rdag och under tidig l\u00f6rdagsmorgon. D\u00e5 ser det ut att bli minusgrader p\u00e5 flera h\u00e5ll s\u00f6der ut i landet. <\/p>\n<p class=\"hyperion-css-1v9qo5x\">\u2013 D\u00e5 kommer nog m\u00e5nga m\u00e4rka att det \u00e4r k\u00f6ldslaget, s\u00e4ger Lasse Rydqvist.<\/p>\n","protected":false},"excerpt":{"rendered":"share-arrowDela unsaveSpara expand-left helsk\u00e4rmH\u00f6sten \u00e4r ovanligt sen i Stockholmsomr\u00e5det. Foto: Gabriella Bruske\/TT Den meteorologiska sommaren h\u00e4nger kvar i&hellip;\n","protected":false},"author":2,"featured_media":57296,"comment_status":"","ping_status":"","sticky":false,"template":"","format":"standard","meta":{"footnotes":""},"categories":[5],"tags":[22,23,26,27,17,21,24,25,28,29,15,16,18,34,31,33,32,30,19,20],"class_list":{"0":"post-57295","1":"post","2":"type-post","3":"status-publish","4":"format-standard","5":"has-post-thumbnail","7":"category-rubriker","8":"tag-breaking-news","9":"tag-breakingnews","10":"tag-featured-news","11":"tag-featurednews","12":"tag-headlines","13":"tag-huvudnyheter","14":"tag-latest-news","15":"tag-latestnews","16":"tag-main-news","17":"tag-mainnews","18":"tag-news","19":"tag-nyheter","20":"tag-rubriker","21":"tag-se","22":"tag-svenska","23":"tag-sverige","24":"tag-sweden","25":"tag-swedish","26":"tag-top-stories","27":"tag-topstories"},"share_on_mastodon":{"url":"","error":""},"_links":{"self":[{"href":"https:\/\/www.europesays.com\/se\/wp-json\/wp\/v2\/posts\/57295","targetHints":{"allow":["GET"]}}],"collection":[{"href":"https:\/\/www.europesays.com\/se\/wp-json\/wp\/v2\/posts"}],"about":[{"href":"https:\/\/www.europesays.com\/se\/wp-json\/wp\/v2\/types\/post"}],"author":[{"embeddable":true,"href":"https:\/\/www.europesays.com\/se\/wp-json\/wp\/v2\/users\/2"}],"replies":[{"embeddable":true,"href":"https:\/\/www.europesays.com\/se\/wp-json\/wp\/v2\/comments?post=57295"}],"version-history":[{"count":0,"href":"https:\/\/www.europesays.com\/se\/wp-json\/wp\/v2\/posts\/57295\/revisions"}],"wp:featuredmedia":[{"embeddable":true,"href":"https:\/\/www.europesays.com\/se\/wp-json\/wp\/v2\/media\/57296"}],"wp:attachment":[{"href":"https:\/\/www.europesays.com\/se\/wp-json\/wp\/v2\/media?parent=57295"}],"wp:term":[{"taxonomy":"category","embeddable":true,"href":"https:\/\/www.europesays.com\/se\/wp-json\/wp\/v2\/categories?post=57295"},{"taxonomy":"post_tag","embeddable":true,"href":"https:\/\/www.europesays.com\/se\/wp-json\/wp\/v2\/tags?post=57295"}],"curies":[{"name":"wp","href":"https:\/\/api.w.org\/{rel}","templated":true}]}}