{"id":57297,"date":"2025-10-16T18:31:10","date_gmt":"2025-10-16T18:31:10","guid":{"rendered":"https:\/\/www.europesays.com\/se\/57297\/"},"modified":"2025-10-16T18:31:10","modified_gmt":"2025-10-16T18:31:10","slug":"djurgardens-small-saknar-forstemalvakten-hockeysverige-se","status":"publish","type":"post","link":"https:\/\/www.europesays.com\/se\/57297\/","title":{"rendered":"Djurg\u00e5rdens sm\u00e4ll: Saknar f\u00f6rstem\u00e5lvakten &#8211; hockeysverige.se"},"content":{"rendered":"<p><strong><a href=\"https:\/\/hockeysverige.se\/spelare\/magnus-hellberg\/\" rel=\"nofollow noopener\" target=\"_blank\">Magnus Hellberg<\/a> saknas i <a href=\"https:\/\/hockeysverige.se\/klubb\/djurgardens-if-hockey\/\" rel=\"nofollow noopener\" target=\"_blank\">Djurg\u00e5rden<\/a> inf\u00f6r matchen mot <a href=\"https:\/\/hockeysverige.se\/klubb\/hv71\/\" rel=\"nofollow noopener\" target=\"_blank\">HV71<\/a>. M\u00e5lvakten har st\u00e5tt i \u00e5tta av lagets tio matcher hittills.<\/strong><\/p>\n<p><img loading=\"lazy\" decoding=\"async\" width=\"1024\" height=\"658\" src=\"https:\/\/www.europesays.com\/se\/wp-content\/uploads\/2025\/10\/Magnus-Hellberg.webp.webp\" alt=\"\" class=\"wp-image-314393\"  \/>Magnus Hellberg saknas f\u00f6r Djurg\u00e5rden mot HV71.<br \/>Foto: Jesper Zerman \/ Bildbyr\u00e5n.<\/p>\n<p>Det \u00e4r ett mycket sp\u00e4nnande m\u00f6te i J\u00f6nk\u00f6ping under torsdagskv\u00e4llen. HV71 \u00e4r som bekant seriens stora krislag d\u00e4r Anton Blomqvist \u00e4r under stor press. Po\u00e4ngen m\u00e5ste b\u00f6rja komma och det fort. P\u00e5 andra sidan st\u00e5r nykomlingen Djurg\u00e5rden som har imponerat s\u00e5 h\u00e4r l\u00e5ngt.<\/p>\n<p>N\u00e4r laguppst\u00e4llningarna nu har sl\u00e4ppts \u00e4r det ocks\u00e5 ett stort avbr\u00e4ck f\u00f6r Djurg\u00e5rden. De saknar n\u00e4mligen Magnus Hellberg. M\u00e5lvakten har varit vunnit sex av de \u00e5tta matcherna han har startat och \u00f6vertygat nu under slutet. Men till den h\u00e4r matchen \u00e4r veteranen allts\u00e5 inte ens med i truppen. Det ska handla om en sjukdom som har g\u00e4ckat honom under veckan.<\/p>\n<p>Det blir ist\u00e4llet Hugo H\u00e4velid som f\u00e5r g\u00f6ra sin tredje start i SHL. Han har f\u00f6rlorat b\u00e5da sina tidigare matcher under s\u00e4songen och har \u00e4ven varit kritiserad. Nu backas 21-\u00e5ringen ocks\u00e5 upp av Marcus Br\u00e4nnman, som till vardags spelar f\u00f6r Tyres\u00f6\/Hanviken.<\/p>\n<p>I HV71 blir det Frederik Dichow som f\u00e5r chansen. I \u00f6vrigt \u00e4r Jacob Josefson tillbaka f\u00f6r Djurg\u00e5rden. <\/p>\n<p> Source: <a href=\"https:\/\/www.eliteprospects.com\/player\/13297\/magnus-hellberg\" target=\"_blank\" rel=\"noopener noreferrer nofollow\">Magnus Hellberg<\/a> @ Elite Prospects<\/p>\n","protected":false},"excerpt":{"rendered":"Magnus Hellberg saknas i Djurg\u00e5rden inf\u00f6r matchen mot HV71. M\u00e5lvakten har st\u00e5tt i \u00e5tta av lagets tio matcher&hellip;\n","protected":false},"author":2,"featured_media":57298,"comment_status":"","ping_status":"","sticky":false,"template":"","format":"standard","meta":{"footnotes":""},"categories":[68],"tags":[34,133,134,111,110,31,33,32,30],"class_list":{"0":"post-57297","1":"post","2":"type-post","3":"status-publish","4":"format-standard","5":"has-post-thumbnail","7":"category-sport","8":"tag-se","9":"tag-second-news","10":"tag-shl","11":"tag-sport","12":"tag-sports","13":"tag-svenska","14":"tag-sverige","15":"tag-sweden","16":"tag-swedish"},"share_on_mastodon":{"url":"","error":""},"_links":{"self":[{"href":"https:\/\/www.europesays.com\/se\/wp-json\/wp\/v2\/posts\/57297","targetHints":{"allow":["GET"]}}],"collection":[{"href":"https:\/\/www.europesays.com\/se\/wp-json\/wp\/v2\/posts"}],"about":[{"href":"https:\/\/www.europesays.com\/se\/wp-json\/wp\/v2\/types\/post"}],"author":[{"embeddable":true,"href":"https:\/\/www.europesays.com\/se\/wp-json\/wp\/v2\/users\/2"}],"replies":[{"embeddable":true,"href":"https:\/\/www.europesays.com\/se\/wp-json\/wp\/v2\/comments?post=57297"}],"version-history":[{"count":0,"href":"https:\/\/www.europesays.com\/se\/wp-json\/wp\/v2\/posts\/57297\/revisions"}],"wp:featuredmedia":[{"embeddable":true,"href":"https:\/\/www.europesays.com\/se\/wp-json\/wp\/v2\/media\/57298"}],"wp:attachment":[{"href":"https:\/\/www.europesays.com\/se\/wp-json\/wp\/v2\/media?parent=57297"}],"wp:term":[{"taxonomy":"category","embeddable":true,"href":"https:\/\/www.europesays.com\/se\/wp-json\/wp\/v2\/categories?post=57297"},{"taxonomy":"post_tag","embeddable":true,"href":"https:\/\/www.europesays.com\/se\/wp-json\/wp\/v2\/tags?post=57297"}],"curies":[{"name":"wp","href":"https:\/\/api.w.org\/{rel}","templated":true}]}}