{"id":57304,"date":"2025-10-16T18:39:13","date_gmt":"2025-10-16T18:39:13","guid":{"rendered":"https:\/\/www.europesays.com\/se\/57304\/"},"modified":"2025-10-16T18:39:13","modified_gmt":"2025-10-16T18:39:13","slug":"klassiska-klubben-vill-dra-sig-ur-elitettan-ohallbart-fotboll","status":"publish","type":"post","link":"https:\/\/www.europesays.com\/se\/57304\/","title":{"rendered":"Klassiska klubben vill dra sig ur elitettan: \u201dOh\u00e5llbart\u201d | Fotboll"},"content":{"rendered":"<p>Publicerad 16 okt 2025 kl 14.54Uppdaterad kl 19.28<\/p>\n<p>Klassiska damallsvenska klubben Mallbacken vill dra sig ur elitettan.<\/p>\n<p>\u2013 Den ekonomiska situationen \u00e4r oh\u00e5llbar, s\u00e4ger ordf\u00f6randen Evelina Nilsson till P4 V\u00e4rmland.<\/p>\n<p><img   alt=\"\"\/> <\/p>\n<p>Foto: J\u00d6RGEN JARNBERGER \/ BILDBYR\u00c5N<\/p>\n<p>\u00d6ppna bild i helsk\u00e4rm<\/p>\n<p>Mallbacken har spelat 14 s\u00e4songer i damallsvenskan, senast var 2016. Just nu ligger man p\u00e5 elfte plats i den n\u00e4st h\u00f6gsta serien elitettan, precis ovanf\u00f6r nedflyttningsstrecket.<\/p>\n<p>Men redan innan s\u00e4songen \u00e4r f\u00e4rdigspelad kan det bli klart att den v\u00e4rml\u00e4ndska klubben b\u00f6rjar om i l\u00e4gre serier. Enligt ett styrelsef\u00f6rslag, som medlemmarna ska ta st\u00e4llning till den 8 november, l\u00e4mnar Mallbacken elitettan och kliver ner en eller tv\u00e5 divisioner.<\/p>\n<p>\u2013 Int\u00e4kterna r\u00e4cker inte till och den ekonomiska situationen \u00e4r oh\u00e5llbar, s\u00e4ger ordf\u00f6randen Evelina Nilsson till P4 V\u00e4rmland.<\/p>\n<p>I september sade Nilsson att klubben beh\u00f6vde f\u00e5 in 1 miljon kronor f\u00f6re \u00e5rsskiftet.<\/p>\n","protected":false},"excerpt":{"rendered":"Publicerad 16 okt 2025 kl 14.54Uppdaterad kl 19.28 Klassiska damallsvenska klubben Mallbacken vill dra sig ur elitettan. \u2013&hellip;\n","protected":false},"author":2,"featured_media":57305,"comment_status":"","ping_status":"","sticky":false,"template":"","format":"standard","meta":{"footnotes":""},"categories":[68],"tags":[5473,34,129,111,110,31,33,32,30],"class_list":{"0":"post-57304","1":"post","2":"type-post","3":"status-publish","4":"format-standard","5":"has-post-thumbnail","7":"category-sport","8":"tag-organization-elitettan","9":"tag-se","10":"tag-sections-fotboll","11":"tag-sport","12":"tag-sports","13":"tag-svenska","14":"tag-sverige","15":"tag-sweden","16":"tag-swedish"},"share_on_mastodon":{"url":"","error":""},"_links":{"self":[{"href":"https:\/\/www.europesays.com\/se\/wp-json\/wp\/v2\/posts\/57304","targetHints":{"allow":["GET"]}}],"collection":[{"href":"https:\/\/www.europesays.com\/se\/wp-json\/wp\/v2\/posts"}],"about":[{"href":"https:\/\/www.europesays.com\/se\/wp-json\/wp\/v2\/types\/post"}],"author":[{"embeddable":true,"href":"https:\/\/www.europesays.com\/se\/wp-json\/wp\/v2\/users\/2"}],"replies":[{"embeddable":true,"href":"https:\/\/www.europesays.com\/se\/wp-json\/wp\/v2\/comments?post=57304"}],"version-history":[{"count":0,"href":"https:\/\/www.europesays.com\/se\/wp-json\/wp\/v2\/posts\/57304\/revisions"}],"wp:featuredmedia":[{"embeddable":true,"href":"https:\/\/www.europesays.com\/se\/wp-json\/wp\/v2\/media\/57305"}],"wp:attachment":[{"href":"https:\/\/www.europesays.com\/se\/wp-json\/wp\/v2\/media?parent=57304"}],"wp:term":[{"taxonomy":"category","embeddable":true,"href":"https:\/\/www.europesays.com\/se\/wp-json\/wp\/v2\/categories?post=57304"},{"taxonomy":"post_tag","embeddable":true,"href":"https:\/\/www.europesays.com\/se\/wp-json\/wp\/v2\/tags?post=57304"}],"curies":[{"name":"wp","href":"https:\/\/api.w.org\/{rel}","templated":true}]}}