{"id":57316,"date":"2025-10-16T18:55:14","date_gmt":"2025-10-16T18:55:14","guid":{"rendered":"https:\/\/www.europesays.com\/se\/57316\/"},"modified":"2025-10-16T18:55:14","modified_gmt":"2025-10-16T18:55:14","slug":"fridolina-rolfo-hjalte-for-manchester-united","status":"publish","type":"post","link":"https:\/\/www.europesays.com\/se\/57316\/","title":{"rendered":"Fridolina Rolf\u00f6 hj\u00e4lte f\u00f6r Manchester United"},"content":{"rendered":"<p><a data-test-tag=\"internal-link\" href=\"https:\/\/www.aftonbladet.se\/av\/jonatan-pinheiro-diamant\" class=\"hyperion-css-13ns1rr\" rel=\"nofollow noopener\" target=\"\" aria-label=\"Se alla artiklar av Jonatan Pinheiro Diamant\"><img decoding=\"async\" class=\"image-asset hyperion-css-n6kkq1\" data-test-tag=\"image-asset\" src=\"https:\/\/www.europesays.com\/se\/wp-content\/uploads\/2025\/10\/1760640914_800_c79d8f99-4dae-4b51-877e-56b004edc21b\"  alt=\"\"  loading=\"lazy\" fetchpriority=\"auto\" style=\"aspect-ratio:1900 \/ 1900\"\/><\/a><\/p>\n<p class=\"boxtextgrotesk-root_baa6 hyperion-css-1w346fg\">Uppdaterad 20.54 | Publicerad 19.20<\/p>\n<p>share-arrowDela<\/p>\n<p>unsaveSpara<\/p>\n<p>expand-left<\/p>\n<p>helsk\u00e4rm<img decoding=\"async\" class=\"image-asset hyperion-css-u06ts1\" data-test-tag=\"image-asset\" src=\"https:\/\/www.europesays.com\/se\/wp-content\/uploads\/2025\/10\/1184f3c4-120b-41a2-a40b-45186b8be835\"  alt=\"Fridolina Rolf\u00f6 jublar \u00f6ver sitt f\u00f6rsta m\u00e5l i United-tr\u00f6jan. \"  loading=\"eager\" fetchpriority=\"high\" style=\"aspect-ratio:1900 \/ 1338\"\/>Fridolina Rolf\u00f6 jublar \u00f6ver sitt f\u00f6rsta m\u00e5l i United-tr\u00f6jan. Foto: Aitor Alcalde \/ Getty Images<\/p>\n<p class=\"hyperion-css-1shl3oz\" data-test-tag=\"lead-text\">Fridolina Rolf\u00f6, 31, blev hj\u00e4lte i Champions League.<\/p>\n<p class=\"hyperion-css-1shl3oz\" data-test-tag=\"lead-text\">Hon gjorde sitt f\u00f6rsta m\u00e5l f\u00f6r Manchester United p\u00e5 torsdagen.<\/p>\n<p class=\"hyperion-css-1shl3oz\" data-test-tag=\"lead-text\">\u2013 Det betyder mycket f\u00f6r mig, s\u00e4ger Rolf\u00f6 till Disney Plus.<\/p>\n<p class=\"hyperion-css-1v9qo5x\"><a data-test-tag=\"internal-link\" href=\"https:\/\/www.aftonbladet.se\/tagg\/manchester-united\" class=\"hyperion-css-15jkft9\" rel=\"nofollow noopener\" target=\"\" aria-label=\"Manchester United\" theme=\"sportbladet\">Manchester United<\/a> tog sin andra seger p\u00e5 lika m\u00e5nga matcher i Champions League n\u00e4r man vann med 1\u20130 borta mot <a data-test-tag=\"internal-link\" href=\"https:\/\/www.aftonbladet.se\/tagg\/atletico-madrid\" class=\"hyperion-css-15jkft9\" rel=\"nofollow noopener\" target=\"\" aria-label=\"Atl\u00e9tico Madrid\" theme=\"sportbladet\">Atl\u00e9tico Madrid<\/a>. <\/p>\n<p class=\"hyperion-css-1v9qo5x\"><a data-test-tag=\"internal-link\" href=\"https:\/\/www.aftonbladet.se\/tagg\/fridolina-rolfo\" class=\"hyperion-css-15jkft9\" rel=\"nofollow noopener\" target=\"\" aria-label=\"Fridolina Rolf\u00f6\" theme=\"sportbladet\">Fridolina Rolf\u00f6<\/a> gjorde m\u00e5let och en annan svenska var inblandad.<\/p>\n<p class=\"hyperion-css-1v9qo5x\">Julia Zigiotti Olme slog ett inl\u00e4gg som Atl\u00e9tico Madrid-f\u00f6rsvaret inte lyckades rensa och Rolf\u00f6 fick chansen att klippa till p\u00e5 volley. V\u00e4nsterfotade Rolf\u00f6 fick en klockren tr\u00e4ff med h\u00f6gerfoten och dunkade bollen i n\u00e4t.<\/p>\n<p>\u201dStark mentalitet\u201d<\/p>\n<p class=\"hyperion-css-1v9qo5x\">Lagen fick varsin utvisning i matchen och Manchester United spelade l\u00e4nge med en spelare mindre.<\/p>\n<p class=\"hyperion-css-1v9qo5x\">\u2013 Jag tycker att vi visade en riktigt stark mentalitet, h\u00f6ll nollan och riktigt v\u00e4ldigt h\u00e5rt f\u00f6r varandra. Jag \u00e4r v\u00e4ldigt glad f\u00f6r den h\u00e4r segern, s\u00e4ger Rolf\u00f6 till Disney Plus.<\/p>\n<p class=\"hyperion-css-1v9qo5x\">Det k\u00e4ndes sk\u00f6nt f\u00f6r henne att g\u00f6ra sitt f\u00f6rsta m\u00e5l i den r\u00f6da tr\u00f6jan.<\/p>\n<p class=\"hyperion-css-1v9qo5x\">\u2013 Det betyder mycket f\u00f6r mig. S\u00e5dana h\u00e4r matcher n\u00e4r man vinner med 1\u20130 och verkligen beh\u00f6ver po\u00e4ngen g\u00f6r en v\u00e4ldigt glad, s\u00e4ger Rolf\u00f6.<\/p>\n<p>Snart landslagssamling<\/p>\n<p class=\"hyperion-css-1v9qo5x\">Rolf\u00f6 blev utbytt i den 64:e minuten men b\u00e5de Zigiotti Olme och Anna Sandberg spelade hela matchen f\u00f6r Manchester United.<\/p>\n<p class=\"hyperion-css-1v9qo5x\">Snart f\u00e5r de tre \u00e4ven spela tillsammans i landslaget, n\u00e4r Sverige m\u00f6ter Spanien i ett dubbelm\u00f6te i semifinal i Nations League.<\/p>\n<p>H\u00e4ndelserInb\u00f6rdes m\u00f6ten5 senasteLaguppst\u00e4llningTabell<\/p>\n","protected":false},"excerpt":{"rendered":"Uppdaterad 20.54 | Publicerad 19.20 share-arrowDela unsaveSpara expand-left helsk\u00e4rmFridolina Rolf\u00f6 jublar \u00f6ver sitt f\u00f6rsta m\u00e5l i United-tr\u00f6jan. Foto:&hellip;\n","protected":false},"author":2,"featured_media":57317,"comment_status":"","ping_status":"","sticky":false,"template":"","format":"standard","meta":{"footnotes":""},"categories":[68],"tags":[34,111,110,31,33,32,30],"class_list":{"0":"post-57316","1":"post","2":"type-post","3":"status-publish","4":"format-standard","5":"has-post-thumbnail","7":"category-sport","8":"tag-se","9":"tag-sport","10":"tag-sports","11":"tag-svenska","12":"tag-sverige","13":"tag-sweden","14":"tag-swedish"},"share_on_mastodon":{"url":"","error":""},"_links":{"self":[{"href":"https:\/\/www.europesays.com\/se\/wp-json\/wp\/v2\/posts\/57316","targetHints":{"allow":["GET"]}}],"collection":[{"href":"https:\/\/www.europesays.com\/se\/wp-json\/wp\/v2\/posts"}],"about":[{"href":"https:\/\/www.europesays.com\/se\/wp-json\/wp\/v2\/types\/post"}],"author":[{"embeddable":true,"href":"https:\/\/www.europesays.com\/se\/wp-json\/wp\/v2\/users\/2"}],"replies":[{"embeddable":true,"href":"https:\/\/www.europesays.com\/se\/wp-json\/wp\/v2\/comments?post=57316"}],"version-history":[{"count":0,"href":"https:\/\/www.europesays.com\/se\/wp-json\/wp\/v2\/posts\/57316\/revisions"}],"wp:featuredmedia":[{"embeddable":true,"href":"https:\/\/www.europesays.com\/se\/wp-json\/wp\/v2\/media\/57317"}],"wp:attachment":[{"href":"https:\/\/www.europesays.com\/se\/wp-json\/wp\/v2\/media?parent=57316"}],"wp:term":[{"taxonomy":"category","embeddable":true,"href":"https:\/\/www.europesays.com\/se\/wp-json\/wp\/v2\/categories?post=57316"},{"taxonomy":"post_tag","embeddable":true,"href":"https:\/\/www.europesays.com\/se\/wp-json\/wp\/v2\/tags?post=57316"}],"curies":[{"name":"wp","href":"https:\/\/api.w.org\/{rel}","templated":true}]}}