{"id":57330,"date":"2025-10-16T19:19:06","date_gmt":"2025-10-16T19:19:06","guid":{"rendered":"https:\/\/www.europesays.com\/se\/57330\/"},"modified":"2025-10-16T19:19:06","modified_gmt":"2025-10-16T19:19:06","slug":"klassmal-av-rolfo-sankte-atletico-madrid-vasterbottens-kuriren","status":"publish","type":"post","link":"https:\/\/www.europesays.com\/se\/57330\/","title":{"rendered":"Klassm\u00e5l av Rolf\u00f6 \u2013 s\u00e4nkte Atl\u00e9tico Madrid &#8211; V\u00e4sterbottens-Kuriren"},"content":{"rendered":"<ol>\n<li><a href=\"https:\/\/news.google.com\/rss\/articles\/CBMigAFBVV95cUxPeUwtM3RnLVYzS2M3WFZoY1NIeDROQlN0QTRFNE1sTDgyOTY1R05aZkpjbzZ0QmNOM1o2OGp3bU1HM2UyblNSOGhkV3dveXZDWGdRMVhxUWhUSDB0aEVhd3hjaE9oT1pFZW9KSHU2ejA1a1htTUNoWEowbWhfeTFBbg?oc=5\" target=\"_blank\" rel=\"nofollow noopener\">Klassm\u00e5l av Rolf\u00f6 \u2013 s\u00e4nkte Atl\u00e9tico Madrid<\/a>&nbsp;&nbsp;V\u00e4sterbottens-Kuriren<\/li>\n<li><a href=\"https:\/\/news.google.com\/rss\/articles\/CBMiuwFBVV95cUxOV0RNenhiS2RxaXUydEZWVUkwcXJPZDZOMFZJeVg0SDQ1SUxMd0VzTFNZQU9nMU5QZHBWdWNhbHZkcEpXb2RtcmZSSkRvaWEtWVdTdWtqTHV0cmdlcHkzN1UtWTJIdjhsZjdvcWF2QWljd2llRHpBcGpQMGFyQlh1eDUxMUE2ZDYwUU52X0ZWUHVkSVZqVFoxS3VDZFZJRndqQURYRi05Uk11YmtRWGRlZXF0V2UycWxnZ0ln?oc=5\" target=\"_blank\" rel=\"nofollow noopener\">Rolf\u00f6s f\u00f6rsta m\u00e5l f\u00f6r Manchester United<\/a>&nbsp;&nbsp;Aftonbladet<\/li>\n<li><a href=\"https:\/\/news.google.com\/rss\/articles\/CBMirwFBVV95cUxNYUo5YWwzQml1RGg1MVM3U3FvbXQ3T1FFRmtudnpMajYyalJQaE5xdzZzZVZSUFFudmhuM2hmQWxKRlZud2JCUElxcWNmVUh5ZHROdE4wNlNsY2V2R1dWVmpMQ2JqaFlkaFBxX3dfbmp6aEZ5Q0tzSWlsUUtjWm13Q19pT0dLN005U1dET2xFR3ZBcnZYSXotZ1diZlBtMGV4Q2FreVczLXJPUFk5ZnVz?oc=5\" target=\"_blank\" rel=\"nofollow noopener\">Rolf\u00f6 stor CL-hj\u00e4lte &#8211; slog till med f\u00f6rsta United-m\u00e5let<\/a>&nbsp;&nbsp;Fotbollskanalen<\/li>\n<li><a href=\"https:\/\/news.google.com\/rss\/articles\/CBMiiwFBVV95cUxPRExxMFpYR1BqNjV4d0hZSDFhNllnUFZ0TFhVUFE3bUhzcHM0Rmt5LW1uZjhCbG1PZXNYN3B4ZDRta0lTMVVVakxrODZpVTdEUnBkdHdhTGNYVFlxQTNSN3lINkJ2OWUyVVc0TXo4OHJlNlBNUFdhbllWVjNYSXlHVnIyVlZVTWFZTUI0?oc=5\" target=\"_blank\" rel=\"nofollow noopener\">Rolf\u00f6 med dr\u00f6mtr\u00e4ff i Champions League<\/a>&nbsp;&nbsp;Expressen<\/li>\n<li><a href=\"https:\/\/news.google.com\/rss\/articles\/CBMijgFBVV95cUxPcTlKWnBWOC1UdGQ2YzJUeTB3OHlodjUxbkxhQlZpR2FCcVhKS0E1ZktQczUtRXlrVUJEN3UyXzd4cndtajFMU1RpWERBQU5vdVlESV93SmFBT2ZaRkxRZXNqelhxbHh5dmJPZnNQX0ZVU3VPTjV3WUdJdjZEcUt6TkZxaC1Id19MSWtRcERR?oc=5\" target=\"_blank\" rel=\"nofollow noopener\">Svensk-trion fr\u00e5n start i Champions League<\/a>&nbsp;&nbsp;FotbollDirekt<\/li>\n<\/ol>\n","protected":false},"excerpt":{"rendered":"Klassm\u00e5l av Rolf\u00f6 \u2013 s\u00e4nkte Atl\u00e9tico Madrid&nbsp;&nbsp;V\u00e4sterbottens-Kuriren Rolf\u00f6s f\u00f6rsta m\u00e5l f\u00f6r Manchester United&nbsp;&nbsp;Aftonbladet Rolf\u00f6 stor CL-hj\u00e4lte &#8211; slog&hellip;\n","protected":false},"author":2,"featured_media":57331,"comment_status":"","ping_status":"","sticky":false,"template":"","format":"standard","meta":{"footnotes":""},"categories":[68],"tags":[34,111,110,31,33,32,30],"class_list":{"0":"post-57330","1":"post","2":"type-post","3":"status-publish","4":"format-standard","5":"has-post-thumbnail","7":"category-sport","8":"tag-se","9":"tag-sport","10":"tag-sports","11":"tag-svenska","12":"tag-sverige","13":"tag-sweden","14":"tag-swedish"},"share_on_mastodon":{"url":"","error":""},"_links":{"self":[{"href":"https:\/\/www.europesays.com\/se\/wp-json\/wp\/v2\/posts\/57330","targetHints":{"allow":["GET"]}}],"collection":[{"href":"https:\/\/www.europesays.com\/se\/wp-json\/wp\/v2\/posts"}],"about":[{"href":"https:\/\/www.europesays.com\/se\/wp-json\/wp\/v2\/types\/post"}],"author":[{"embeddable":true,"href":"https:\/\/www.europesays.com\/se\/wp-json\/wp\/v2\/users\/2"}],"replies":[{"embeddable":true,"href":"https:\/\/www.europesays.com\/se\/wp-json\/wp\/v2\/comments?post=57330"}],"version-history":[{"count":0,"href":"https:\/\/www.europesays.com\/se\/wp-json\/wp\/v2\/posts\/57330\/revisions"}],"wp:featuredmedia":[{"embeddable":true,"href":"https:\/\/www.europesays.com\/se\/wp-json\/wp\/v2\/media\/57331"}],"wp:attachment":[{"href":"https:\/\/www.europesays.com\/se\/wp-json\/wp\/v2\/media?parent=57330"}],"wp:term":[{"taxonomy":"category","embeddable":true,"href":"https:\/\/www.europesays.com\/se\/wp-json\/wp\/v2\/categories?post=57330"},{"taxonomy":"post_tag","embeddable":true,"href":"https:\/\/www.europesays.com\/se\/wp-json\/wp\/v2\/tags?post=57330"}],"curies":[{"name":"wp","href":"https:\/\/api.w.org\/{rel}","templated":true}]}}