{"id":57335,"date":"2025-10-16T19:27:09","date_gmt":"2025-10-16T19:27:09","guid":{"rendered":"https:\/\/www.europesays.com\/se\/57335\/"},"modified":"2025-10-16T19:27:09","modified_gmt":"2025-10-16T19:27:09","slug":"fotboll-efter-landslagsbeskedet-drommal-av-monica-jusu-bah","status":"publish","type":"post","link":"https:\/\/www.europesays.com\/se\/57335\/","title":{"rendered":"Fotboll: Efter landslagsbeskedet \u2013 dr\u00f6mm\u00e5l av Monica Jusu Bah"},"content":{"rendered":"<p>Se Monica Jusu Bahs dr\u00f6mm\u00e5l i spelaren ovan.<\/p>\n<p>H\u00e4cken hade med sig en klar 4\u20130-seger fr\u00e5n Hisingen i bagaget inf\u00f6r returm\u00f6tet borta mot polska Katowice i dag.<\/p>\n<p>D\u00e4r blev det en ny seger med 3\u20131 och g\u00f6teborgarna \u00e4r d\u00e4rmed klara f\u00f6r \u00e5ttondelsfinal i Europa Cup efter totalt 7\u20131 i dubbelm\u00f6tet.<\/p>\n<p>Monica Jusu Bah inledde m\u00e5lskyttet i den 17:e minuten med en l\u00e4cker fulltr\u00e4ff. Hon tog d\u00e5 emot bollen i utkanten av straffomr\u00e5det, v\u00e4nde upp och skickade upp bollen i krysset. Efter\u00e5t skrek hon ut sin gl\u00e4dje.<\/p>\n<p>Anfallaren togs i g\u00e5r ut i <a href=\"https:\/\/www.svt.se\/sport\/fotboll\/hacken-kompisarna-far-chansen-i-tony-gustavssons-trupp\" rel=\"nofollow noopener\" target=\"_blank\">Tony Gustavssons f\u00f6rsta landslagstrupp<\/a>, bland annat tillsammans med sin radarpartner i H\u00e4cken, supertalangen Felicia Schr\u00f6der. B\u00e5da har gjort varsin landskamp tidigare.<\/p>\n<p>Nystr\u00f6m med fint distansskott<\/p>\n<p>Katowice kvitterade kort d\u00e4rp\u00e5 efter passivt svenskt f\u00f6rsvarsarbete. Hela sex H\u00e4cken-spelare stod och tittade p\u00e5 n\u00e4r Dzesika Jaszek tryckte in en retur fr\u00e5n n\u00e4ra h\u00e5ll.<\/p>\n<p>Men g\u00e4sterna tog ledningen igen strax f\u00f6re paus n\u00e4r Paulina Nystr\u00f6m h\u00f6ll undan sin bevakning och avlossade ett fint distansskott i m\u00e5lvaktens h\u00f6gra h\u00f6rn. Monica Jusu Bah byttes ut i halvtid.<\/p>\n<p>Faith Chinzimu fastst\u00e4llde sedan slutresultatet 3\u20131 p\u00e5 nick efter en h\u00f6rna i den 73:e minuten.<\/p>\n<p>Hammarby ocks\u00e5 vidare<\/p>\n<p>P\u00e5 norsk mark, i Bergen, spelade Hammarby ett returm\u00f6te mot Brann. Efter seger med 4\u20131 p\u00e5 Grimsta i f\u00f6rsta matchen blev det i kv\u00e4ll oavgjort, 1\u20131.<\/p>\n<p>Hammarbys m\u00e5l gjordes av Julie Blakstad.<\/p>\n<p>\u00c5ttondelsfinalerna i Europa Cup lottas klockan 13.00 i franska Lyon i morgon, fredag.<\/p>\n","protected":false},"excerpt":{"rendered":"Se Monica Jusu Bahs dr\u00f6mm\u00e5l i spelaren ovan. H\u00e4cken hade med sig en klar 4\u20130-seger fr\u00e5n Hisingen i&hellip;\n","protected":false},"author":2,"featured_media":57336,"comment_status":"","ping_status":"","sticky":false,"template":"","format":"standard","meta":{"footnotes":""},"categories":[68],"tags":[34,111,110,31,33,32,30],"class_list":{"0":"post-57335","1":"post","2":"type-post","3":"status-publish","4":"format-standard","5":"has-post-thumbnail","7":"category-sport","8":"tag-se","9":"tag-sport","10":"tag-sports","11":"tag-svenska","12":"tag-sverige","13":"tag-sweden","14":"tag-swedish"},"share_on_mastodon":{"url":"","error":""},"_links":{"self":[{"href":"https:\/\/www.europesays.com\/se\/wp-json\/wp\/v2\/posts\/57335","targetHints":{"allow":["GET"]}}],"collection":[{"href":"https:\/\/www.europesays.com\/se\/wp-json\/wp\/v2\/posts"}],"about":[{"href":"https:\/\/www.europesays.com\/se\/wp-json\/wp\/v2\/types\/post"}],"author":[{"embeddable":true,"href":"https:\/\/www.europesays.com\/se\/wp-json\/wp\/v2\/users\/2"}],"replies":[{"embeddable":true,"href":"https:\/\/www.europesays.com\/se\/wp-json\/wp\/v2\/comments?post=57335"}],"version-history":[{"count":0,"href":"https:\/\/www.europesays.com\/se\/wp-json\/wp\/v2\/posts\/57335\/revisions"}],"wp:featuredmedia":[{"embeddable":true,"href":"https:\/\/www.europesays.com\/se\/wp-json\/wp\/v2\/media\/57336"}],"wp:attachment":[{"href":"https:\/\/www.europesays.com\/se\/wp-json\/wp\/v2\/media?parent=57335"}],"wp:term":[{"taxonomy":"category","embeddable":true,"href":"https:\/\/www.europesays.com\/se\/wp-json\/wp\/v2\/categories?post=57335"},{"taxonomy":"post_tag","embeddable":true,"href":"https:\/\/www.europesays.com\/se\/wp-json\/wp\/v2\/tags?post=57335"}],"curies":[{"name":"wp","href":"https:\/\/api.w.org\/{rel}","templated":true}]}}