{"id":57344,"date":"2025-10-16T19:57:09","date_gmt":"2025-10-16T19:57:09","guid":{"rendered":"https:\/\/www.europesays.com\/se\/57344\/"},"modified":"2025-10-16T19:57:09","modified_gmt":"2025-10-16T19:57:09","slug":"har-enats-om-regeringsfragan-vantar-med-besked","status":"publish","type":"post","link":"https:\/\/www.europesays.com\/se\/57344\/","title":{"rendered":"Har enats om regeringsfr\u00e5gan \u2013 v\u00e4ntar med besked"},"content":{"rendered":"<p><a data-test-tag=\"internal-link\" href=\"https:\/\/www.aftonbladet.se\/av\/olof-svensson\" class=\"hyperion-css-13ns1rr\" rel=\"nofollow noopener\" target=\"\" aria-label=\"Se alla artiklar av Olof Svensson\"><img decoding=\"async\" class=\"image-asset hyperion-css-n6kkq1\" data-test-tag=\"image-asset\" src=\"https:\/\/www.europesays.com\/se\/wp-content\/uploads\/2025\/10\/1760644629_150_f4087f3e-3d20-482a-9cc7-f3b463a2ac0a\"  alt=\"\"  loading=\"lazy\" fetchpriority=\"auto\" style=\"aspect-ratio:1900 \/ 1900\"\/><\/a><\/p>\n<p class=\"boxtextgrotesk-root_baa6 hyperion-css-7pajle\">Uppdaterad 21.21 | Publicerad 18.55<\/p>\n<p>share-arrowDela<\/p>\n<p>unsaveSpara<\/p>\n<p>expand-left<\/p>\n<p>helsk\u00e4rm<img decoding=\"async\" class=\"image-asset hyperion-css-u06ts1\" data-test-tag=\"image-asset\" src=\"https:\/\/www.europesays.com\/se\/wp-content\/uploads\/2025\/10\/0089e8f2-6de2-4d81-a734-8b285e1a9530\"  alt=\"Anna-Karin Hatt har enat partiet, enligt flera partimedlemmar Aftonbladet pratat med.\"  loading=\"eager\" fetchpriority=\"high\" style=\"aspect-ratio:1900 \/ 1425\"\/>Anna-Karin Hatt har enat partiet, enligt flera partimedlemmar Aftonbladet pratat med. Foto: Lotte Fernvall<\/p>\n<p class=\"hyperion-css-1shl3oz\" data-test-tag=\"lead-text\">Centerpartiet hade hittat ett s\u00e4tt att enas i regeringsfr\u00e5gan f\u00f6re Anna-Karin Hatts avg\u00e5ngsbesked, uppger k\u00e4llor f\u00f6r Aftonbladet. <\/p>\n<p class=\"hyperion-css-1shl3oz\" data-test-tag=\"lead-text\">Partiet planerade ocks\u00e5 att snabba p\u00e5 processen med att ge besked. <\/p>\n<p class=\"hyperion-css-1shl3oz\" data-test-tag=\"lead-text\">\u2013 Den processen kommer nu att sk\u00f6tas av n\u00e4sta partiledare, s\u00e4ger en C-k\u00e4lla. <\/p>\n<ul class=\"hyperion-css-e9gx76\" data-test-tag=\"list\">\n<li class=\"hyperion-css-1d843yr\">Centerpartiet har enats internt om regeringsfr\u00e5gan f\u00f6re Anna-Karin Hatts avg\u00e5ng.  <\/li>\n<li class=\"hyperion-css-1d843yr\">Hatts avg\u00e5ng f\u00f6rklaras inte ha koppling till regeringsfr\u00e5gan, och partiet har meddelat Moderaterna och Socialdemokraterna f\u00f6r att undvika spekulationer.  <\/li>\n<li class=\"hyperion-css-1d843yr\">Trots Hatts avhopp ses partiet som fortsatt enat.<\/li>\n<\/ul>\n<p>L\u00e4s mer<\/p>\n<p class=\"hyperion-css-1v9qo5x\"><a data-test-tag=\"internal-link\" href=\"https:\/\/www.aftonbladet.se\/tagg\/anna-karin-hatt\" class=\"hyperion-css-15jkft9\" rel=\"nofollow noopener\" target=\"\" aria-label=\"Anna-Karin Hatts\">Anna-Karin Hatts<\/a> politiska stab ringde i g\u00e5r b\u00e5de Moderaterna och Socialdemokraterna f\u00f6r att informera partierna om att hennes hastiga avg\u00e5ng inte har n\u00e5got med regeringsfr\u00e5gan att g\u00f6ra. Detta f\u00f6r att undvika missf\u00f6rst\u00e5nd eller spekulationer i den k\u00e4nsliga fr\u00e5gan, enligt en k\u00e4lla n\u00e4ra Hatt. <\/p>\n<p class=\"hyperion-css-1v9qo5x\">Hatt har sagt att hon t\u00e4nker ge besked i regeringsfr\u00e5gan i god tid innan valet. Vad det blir \u00e4r fortfarande h\u00f6jt i dunkel. Hennes enda besked hittills \u00e4r att hon inte t\u00e4nker bli en del av Tid\u00f6samarbetet s\u00e5 l\u00e4nge Sverigedemokraterna ing\u00e5r. <\/p>\n<p>expand-left<\/p>\n<p>helsk\u00e4rm<img decoding=\"async\" class=\"image-asset hyperion-css-u06ts1\" data-test-tag=\"image-asset\" src=\"https:\/\/www.europesays.com\/se\/wp-content\/uploads\/2025\/10\/67232ac1-63ae-4122-a944-0208c64527e7\"  alt=\"Hittills har C sagt nej till att ing\u00e5 i Tid\u00f6samarbetet s\u00e5 l\u00e4nge SD ing\u00e5r.\"  loading=\"eager\" fetchpriority=\"high\" style=\"aspect-ratio:1900 \/ 1267\"\/>Hittills har C sagt nej till att ing\u00e5 i Tid\u00f6samarbetet s\u00e5 l\u00e4nge SD ing\u00e5r. Foto: Pontus OrreRedo att landa<\/p>\n<p class=\"hyperion-css-1v9qo5x\">C-k\u00e4llor uppger att partiet \u00e4r mer enade \u00e4n under f\u00f6retr\u00e4daren <a data-test-tag=\"internal-link\" href=\"https:\/\/www.aftonbladet.se\/tagg\/muharrem-demirok\" class=\"hyperion-css-15jkft9\" rel=\"nofollow noopener\" target=\"\" aria-label=\"Muharrem Demiroks\">Muharrem Demiroks<\/a> tid. Demirok gjorde uttalanden som internt tolkades som ett n\u00e4rmande till <a data-test-tag=\"internal-link\" href=\"https:\/\/www.aftonbladet.se\/tagg\/magdalena-andersson\" class=\"hyperion-css-15jkft9\" rel=\"nofollow noopener\" target=\"\" aria-label=\"Magdalena Andersson\">Magdalena Andersson<\/a>, n\u00e5got som ogillades i delar av C. <\/p>\n<p class=\"hyperion-css-1v9qo5x\">Enligt en k\u00e4lla med insyn hade partiet f\u00f6re partiledarens avg\u00e5ngsbesked \u201dhittat ett s\u00e4tt att enas\u201d i regeringsfr\u00e5gan. <\/p>\n<p class=\"hyperion-css-1v9qo5x\">\u2013 F\u00f6r en vecka sedan beslutade vi att snabba p\u00e5 processen med att ge besked i samarbetsfr\u00e5gor. F\u00f6rr var ju partiet v\u00e4ldigt oenigt. Nu var diskussionen att man var redo att landa i vad vi ska s\u00e4ga, vad vi ska till val p\u00e5 och s\u00e5 vidare, s\u00e4ger en C-k\u00e4lla. <\/p>\n<p class=\"hyperion-css-1v9qo5x\">K\u00e4llan vill inte f\u00f6regripa det interna arbetet och s\u00e4ga vad beskedet kommer att vara. <\/p>\n<p>Ett \u201dicke-besked\u201d<\/p>\n<p class=\"hyperion-css-1v9qo5x\">En annan C-k\u00e4lla s\u00e4ger att det hela sannolikt kommer att landa i en kravlista, eller ett framtagande av ett antal sakpolitiska fr\u00e5gor som partiet vill inleda samarbete med andra om. Detta utan att peka ut vilken statsministerkandidat som man st\u00f6djer. <\/p>\n<p class=\"hyperion-css-1v9qo5x\">\u2013 Vissa skulle kalla det f\u00f6r ett \u201dicke-besked\u201d, s\u00e4ger k\u00e4llan. <\/p>\n<p>expand-left<\/p>\n<p>helsk\u00e4rm<img decoding=\"async\" class=\"image-asset hyperion-css-u06ts1\" data-test-tag=\"image-asset\" src=\"https:\/\/www.europesays.com\/se\/wp-content\/uploads\/2025\/10\/e31b25b3-4794-4ef9-9832-b746af44682a\"  alt=\"Demiroks uttalanden om Magdalena Andersson ogillades i delar av C.\"  loading=\"eager\" fetchpriority=\"high\" style=\"aspect-ratio:1900 \/ 1176\"\/>Demiroks uttalanden om Magdalena Andersson ogillades i delar av C. Foto: Johan Nilsson\/TT<\/p>\n<p class=\"hyperion-css-1v9qo5x\">Flera centerpartister som Aftonbladet pratat med delar bilden av att Hatt har lyckats ena partiet. Ingen vill dock s\u00e4ga n\u00e5got om vilken v\u00e4g man enats om i regeringsfr\u00e5gan. <\/p>\n<p class=\"hyperion-css-1v9qo5x\">\u2013 Partistyrelsen och riksdagsgruppen har varit enad. Jag skulle s\u00e4ga att partiet \u00e4r enat. Hatt har varit en enande kraft, s\u00e4ger <a data-test-tag=\"internal-link\" href=\"https:\/\/www.aftonbladet.se\/tagg\/emma-wiesner\" class=\"hyperion-css-15jkft9\" rel=\"nofollow noopener\" target=\"\" aria-label=\"Emma Wiesner\">Emma Wiesner<\/a> (C). <\/p>\n<p>Tror inte partiledarbytet p\u00e5verkar<\/p>\n<p class=\"hyperion-css-1v9qo5x\">Riksdagsledamoten <a data-test-tag=\"internal-link\" href=\"https:\/\/www.aftonbladet.se\/tagg\/martin-adahl\" class=\"hyperion-css-15jkft9\" rel=\"nofollow noopener\" target=\"\" aria-label=\"Martin \u00c5dahl\">Martin \u00c5dahl<\/a> \u00e4r inne p\u00e5 samma linje. <\/p>\n<p class=\"hyperion-css-1v9qo5x\">\u2013 Ja absolut. Hatt har varit v\u00e4ldigt beslutsam i att ta den politik som vi st\u00e5r f\u00f6r vidare. <\/p>\n<p class=\"hyperion-css-1v9qo5x\">Ett av favoritnamnen att ta \u00f6ver C \u00e4r <a data-test-tag=\"internal-link\" href=\"https:\/\/www.aftonbladet.se\/tagg\/elisabeth-thand-ringqvist\" class=\"hyperion-css-15jkft9\" rel=\"nofollow noopener\" target=\"\" aria-label=\"Elisabeth Thand Ringqvist\">Elisabeth Thand Ringqvist<\/a>. Hon tror inte att det stundande partiledarbytet kommer att p\u00e5verka regeringsfr\u00e5gan, eller v\u00e4gvalet som det internt kallas. <\/p>\n<p class=\"hyperion-css-1v9qo5x\">\u2013 Nej, det tror jag inte. Den politik som vi l\u00e4gger fast f\u00f6r v\u00e5r partist\u00e4mma som vi har om fyra veckor, den \u00e4r ju v\u00e4l f\u00f6rankrad i partistyrelsen och i riksdagsgruppen.\u00a0<\/p>\n","protected":false},"excerpt":{"rendered":"Uppdaterad 21.21 | Publicerad 18.55 share-arrowDela unsaveSpara expand-left helsk\u00e4rmAnna-Karin Hatt har enat partiet, enligt flera partimedlemmar Aftonbladet pratat&hellip;\n","protected":false},"author":2,"featured_media":57345,"comment_status":"","ping_status":"","sticky":false,"template":"","format":"standard","meta":{"footnotes":""},"categories":[12],"tags":[22,23,26,27,17,21,24,25,28,29,15,16,18,34,31,33,32,30,19,20],"class_list":{"0":"post-57344","1":"post","2":"type-post","3":"status-publish","4":"format-standard","5":"has-post-thumbnail","7":"category-sverige","8":"tag-breaking-news","9":"tag-breakingnews","10":"tag-featured-news","11":"tag-featurednews","12":"tag-headlines","13":"tag-huvudnyheter","14":"tag-latest-news","15":"tag-latestnews","16":"tag-main-news","17":"tag-mainnews","18":"tag-news","19":"tag-nyheter","20":"tag-rubriker","21":"tag-se","22":"tag-svenska","23":"tag-sverige","24":"tag-sweden","25":"tag-swedish","26":"tag-top-stories","27":"tag-topstories"},"share_on_mastodon":{"url":"","error":""},"_links":{"self":[{"href":"https:\/\/www.europesays.com\/se\/wp-json\/wp\/v2\/posts\/57344","targetHints":{"allow":["GET"]}}],"collection":[{"href":"https:\/\/www.europesays.com\/se\/wp-json\/wp\/v2\/posts"}],"about":[{"href":"https:\/\/www.europesays.com\/se\/wp-json\/wp\/v2\/types\/post"}],"author":[{"embeddable":true,"href":"https:\/\/www.europesays.com\/se\/wp-json\/wp\/v2\/users\/2"}],"replies":[{"embeddable":true,"href":"https:\/\/www.europesays.com\/se\/wp-json\/wp\/v2\/comments?post=57344"}],"version-history":[{"count":0,"href":"https:\/\/www.europesays.com\/se\/wp-json\/wp\/v2\/posts\/57344\/revisions"}],"wp:featuredmedia":[{"embeddable":true,"href":"https:\/\/www.europesays.com\/se\/wp-json\/wp\/v2\/media\/57345"}],"wp:attachment":[{"href":"https:\/\/www.europesays.com\/se\/wp-json\/wp\/v2\/media?parent=57344"}],"wp:term":[{"taxonomy":"category","embeddable":true,"href":"https:\/\/www.europesays.com\/se\/wp-json\/wp\/v2\/categories?post=57344"},{"taxonomy":"post_tag","embeddable":true,"href":"https:\/\/www.europesays.com\/se\/wp-json\/wp\/v2\/tags?post=57344"}],"curies":[{"name":"wp","href":"https:\/\/api.w.org\/{rel}","templated":true}]}}