{"id":57350,"date":"2025-10-16T20:08:09","date_gmt":"2025-10-16T20:08:09","guid":{"rendered":"https:\/\/www.europesays.com\/se\/57350\/"},"modified":"2025-10-16T20:08:09","modified_gmt":"2025-10-16T20:08:09","slug":"robert-rosen-gor-comeback-i-en-match-shl","status":"publish","type":"post","link":"https:\/\/www.europesays.com\/se\/57350\/","title":{"rendered":"Robert Ros\u00e9n g\u00f6r comeback &#8211; i en match | SHL"},"content":{"rendered":"<p>Publicerad 16 okt 2025 kl 19.10Uppdaterad kl 20.06<\/p>\n<p>Robert Ros\u00e9n g\u00f6r comeback, igen.<br \/>Om \u00e4n bara f\u00f6r en match.<br \/>I moderklubben Alvesta SK, rapporterar <a href=\"https:\/\/www.smp.se\/sport\/rosen-sluter-cirkeln-spelar-med-alvesta\/\" rel=\"nofollow noopener\" target=\"_blank\">Sm\u00e5landsposten.<\/a>\u00a0<\/p>\n<p><img   alt=\"\"\/> <\/p>\n<p>Foto: JONAS LJUNGDAHL \/ BILDBYR\u00c5N<\/p>\n<p>\u00d6ppna bild i helsk\u00e4rm<\/p>\n<p>Sommaren 2024 valde V\u00e4xj\u00f6 Lakers-ikonen Robert Ros\u00e9n att avsluta karri\u00e4ren. Han gjorde det efter 15 s\u00e4songer i klubben och fyra vunna SM-guld.<\/p>\n<p>Efter utt\u00e5get mot Lule\u00e5 i slutspelet i v\u00e5ras lade han skridskorna p\u00e5 hyllan p\u00e5 nytt.<\/p>\n<p>Men nu blir det comeback igen. Eller i alla fall en mini-comeback. Sm\u00e5landsposten rapporterar att Ros\u00e9n ska spela en match f\u00f6r moderklubben Alvesta SK, som huserar i division tv\u00e5. Ros\u00e9n ska sn\u00f6ra p\u00e5 sig skridskorna igen d\u00e5 Alvesta m\u00f6ter HA74 den 9 november. Det hela bekr\u00e4ftas av ordf\u00f6rande Claus Holmgren, f\u00f6r tidningen.<\/p>\n<p>Alvesta \u00e4r n\u00e4stjumbo i division tv\u00e5 och har p\u00e5 sex omg\u00e5ngar bara m\u00e4ktat med att ta tre po\u00e4ng.\u00a0<\/p>\n","protected":false},"excerpt":{"rendered":"Publicerad 16 okt 2025 kl 19.10Uppdaterad kl 20.06 Robert Ros\u00e9n g\u00f6r comeback, igen.Om \u00e4n bara f\u00f6r en match.I&hellip;\n","protected":false},"author":2,"featured_media":57351,"comment_status":"","ping_status":"","sticky":false,"template":"","format":"standard","meta":{"footnotes":""},"categories":[68],"tags":[34,255,823,111,110,31,33,32,30],"class_list":{"0":"post-57350","1":"post","2":"type-post","3":"status-publish","4":"format-standard","5":"has-post-thumbnail","7":"category-sport","8":"tag-se","9":"tag-sections-ishockey","10":"tag-sections-shl","11":"tag-sport","12":"tag-sports","13":"tag-svenska","14":"tag-sverige","15":"tag-sweden","16":"tag-swedish"},"share_on_mastodon":{"url":"","error":""},"_links":{"self":[{"href":"https:\/\/www.europesays.com\/se\/wp-json\/wp\/v2\/posts\/57350","targetHints":{"allow":["GET"]}}],"collection":[{"href":"https:\/\/www.europesays.com\/se\/wp-json\/wp\/v2\/posts"}],"about":[{"href":"https:\/\/www.europesays.com\/se\/wp-json\/wp\/v2\/types\/post"}],"author":[{"embeddable":true,"href":"https:\/\/www.europesays.com\/se\/wp-json\/wp\/v2\/users\/2"}],"replies":[{"embeddable":true,"href":"https:\/\/www.europesays.com\/se\/wp-json\/wp\/v2\/comments?post=57350"}],"version-history":[{"count":0,"href":"https:\/\/www.europesays.com\/se\/wp-json\/wp\/v2\/posts\/57350\/revisions"}],"wp:featuredmedia":[{"embeddable":true,"href":"https:\/\/www.europesays.com\/se\/wp-json\/wp\/v2\/media\/57351"}],"wp:attachment":[{"href":"https:\/\/www.europesays.com\/se\/wp-json\/wp\/v2\/media?parent=57350"}],"wp:term":[{"taxonomy":"category","embeddable":true,"href":"https:\/\/www.europesays.com\/se\/wp-json\/wp\/v2\/categories?post=57350"},{"taxonomy":"post_tag","embeddable":true,"href":"https:\/\/www.europesays.com\/se\/wp-json\/wp\/v2\/tags?post=57350"}],"curies":[{"name":"wp","href":"https:\/\/api.w.org\/{rel}","templated":true}]}}