{"id":57363,"date":"2025-10-16T20:33:09","date_gmt":"2025-10-16T20:33:09","guid":{"rendered":"https:\/\/www.europesays.com\/se\/57363\/"},"modified":"2025-10-16T20:33:09","modified_gmt":"2025-10-16T20:33:09","slug":"klassmal-av-rolfo-sankte-atletico-madrid","status":"publish","type":"post","link":"https:\/\/www.europesays.com\/se\/57363\/","title":{"rendered":"Klassm\u00e5l av Rolf\u00f6 \u2013 s\u00e4nkte Atl\u00e9tico Madrid"},"content":{"rendered":"<p>share-arrowDela<\/p>\n<p>unsaveSpara<\/p>\n<p>expand-left<\/p>\n<p>helsk\u00e4rm<img decoding=\"async\" class=\"image-asset hyperion-css-u06ts1\" data-test-tag=\"image-asset\" src=\"https:\/\/www.europesays.com\/se\/wp-content\/uploads\/2025\/10\/b36139c3-d1b7-4cc3-a5d9-3cc00947b458\"  alt=\"Fridolina Rolf\u00f6 gjorde sitt f\u00f6rsta m\u00e5l f\u00f6r Manchester United \u2013 och avgjorde mot Atl\u00e9tico Madrid i Champions League. Arkivbild.\"  loading=\"eager\" fetchpriority=\"high\" style=\"aspect-ratio:1900 \/ 1267\"\/>Fridolina Rolf\u00f6 gjorde sitt f\u00f6rsta m\u00e5l f\u00f6r Manchester United \u2013 och avgjorde mot Atl\u00e9tico Madrid i Champions League. Arkivbild. Foto: Jonas Ekstr\u00f6mer\/TT<\/p>\n<p class=\"hyperion-css-1shl3oz\" data-test-tag=\"lead-text\">I somras bytte hon fr\u00e5n en storklubb till en annan.<\/p>\n<p class=\"hyperion-css-1shl3oz\" data-test-tag=\"lead-text\">Nu har Fridolina Rolf\u00f6 gjort sitt f\u00f6rsta m\u00e5l f\u00f6r Manchester United.<\/p>\n<p class=\"hyperion-css-1shl3oz\" data-test-tag=\"lead-text\">Storklubben fick 1\u20130 borta mot Atl\u00e9tico Madrid i Champions League.<\/p>\n<p class=\"hyperion-css-1v9qo5x\">Efter fyra \u00e5r i Barcelona valde den svenska stj\u00e4rnan att bryta kontraktet med den spanska storklubben. I st\u00e4llet hittade hon sin nya utmaning i England och Manchester United.<\/p>\n<p class=\"hyperion-css-1v9qo5x\">D\u00e4r vill hon vara \u201den del av resan som klubben g\u00f6r p\u00e5 damsidan\u201d, sade hon i samband med presentationen p\u00e5 klubbens webbplats.<\/p>\n<p class=\"hyperion-css-1v9qo5x\">Nu har 31-\u00e5ringen bidragit.<\/p>\n<p class=\"hyperion-css-1v9qo5x\">I Champions League-m\u00f6tet borta med Atl\u00e9tico Madrid stod hon f\u00f6r sitt f\u00f6rsta m\u00e5l f\u00f6r United.<\/p>\n<p class=\"hyperion-css-1v9qo5x\">Och det var ett vackert s\u00e5dant.<\/p>\n<p class=\"hyperion-css-1v9qo5x\">Juli Zigiotti Olmes inl\u00e4gg gick via en f\u00f6rsvarare \u2013 och hamnade framf\u00f6r Rolf\u00f6. Anfallaren tvekade inte, utan gick p\u00e5 kraft n\u00e4r hon drog till p\u00e5 volley och s\u00e5g sedan bollen borra in sig i n\u00e4ttaket.<\/p>\n<p class=\"hyperion-css-1v9qo5x\">Klassm\u00e5let i 24:e minuten blev matchens enda och d\u00e4rmed har klubben startat CL-s\u00e4songen med tv\u00e5 raka segrar.<\/p>\n<p class=\"hyperion-css-1v9qo5x\">H\u00e4rn\u00e4st f\u00f6r United-trion Rolf\u00f6, Zigiotti Olme och Anna Sandberg v\u00e4ntar en landslagssamling \u2013 med nye f\u00f6rbundskaptenen Tony Gustavsson \u2013 och viktiga Nations League-matcher. Semifinalen mot Spanien avg\u00f6rs i ett dubbelm\u00f6te; borta p\u00e5 fredag och retur p\u00e5 hemmaplan tre dagar senare.<\/p>\n","protected":false},"excerpt":{"rendered":"share-arrowDela unsaveSpara expand-left helsk\u00e4rmFridolina Rolf\u00f6 gjorde sitt f\u00f6rsta m\u00e5l f\u00f6r Manchester United \u2013 och avgjorde mot Atl\u00e9tico Madrid&hellip;\n","protected":false},"author":2,"featured_media":57364,"comment_status":"","ping_status":"","sticky":false,"template":"","format":"standard","meta":{"footnotes":""},"categories":[68],"tags":[34,111,110,31,33,32,30],"class_list":{"0":"post-57363","1":"post","2":"type-post","3":"status-publish","4":"format-standard","5":"has-post-thumbnail","7":"category-sport","8":"tag-se","9":"tag-sport","10":"tag-sports","11":"tag-svenska","12":"tag-sverige","13":"tag-sweden","14":"tag-swedish"},"share_on_mastodon":{"url":"","error":""},"_links":{"self":[{"href":"https:\/\/www.europesays.com\/se\/wp-json\/wp\/v2\/posts\/57363","targetHints":{"allow":["GET"]}}],"collection":[{"href":"https:\/\/www.europesays.com\/se\/wp-json\/wp\/v2\/posts"}],"about":[{"href":"https:\/\/www.europesays.com\/se\/wp-json\/wp\/v2\/types\/post"}],"author":[{"embeddable":true,"href":"https:\/\/www.europesays.com\/se\/wp-json\/wp\/v2\/users\/2"}],"replies":[{"embeddable":true,"href":"https:\/\/www.europesays.com\/se\/wp-json\/wp\/v2\/comments?post=57363"}],"version-history":[{"count":0,"href":"https:\/\/www.europesays.com\/se\/wp-json\/wp\/v2\/posts\/57363\/revisions"}],"wp:featuredmedia":[{"embeddable":true,"href":"https:\/\/www.europesays.com\/se\/wp-json\/wp\/v2\/media\/57364"}],"wp:attachment":[{"href":"https:\/\/www.europesays.com\/se\/wp-json\/wp\/v2\/media?parent=57363"}],"wp:term":[{"taxonomy":"category","embeddable":true,"href":"https:\/\/www.europesays.com\/se\/wp-json\/wp\/v2\/categories?post=57363"},{"taxonomy":"post_tag","embeddable":true,"href":"https:\/\/www.europesays.com\/se\/wp-json\/wp\/v2\/tags?post=57363"}],"curies":[{"name":"wp","href":"https:\/\/api.w.org\/{rel}","templated":true}]}}