{"id":57373,"date":"2025-10-16T20:49:15","date_gmt":"2025-10-16T20:49:15","guid":{"rendered":"https:\/\/www.europesays.com\/se\/57373\/"},"modified":"2025-10-16T20:49:15","modified_gmt":"2025-10-16T20:49:15","slug":"hacken-tog-storseger-klart-for-attondelsfinal","status":"publish","type":"post","link":"https:\/\/www.europesays.com\/se\/57373\/","title":{"rendered":"H\u00e4cken tog storseger \u2013 klart f\u00f6r \u00e5ttondelsfinal"},"content":{"rendered":"<p><strong>H\u00e4cken \u00e4r klart f\u00f6r \u00e5ttondelsfinal i Europa Cup.<br \/>Returm\u00f6tet med Katowice slutade 1\u20133.<\/strong><\/p>\n<p><img loading=\"lazy\" decoding=\"async\" width=\"1024\" height=\"576\" src=\"https:\/\/www.europesays.com\/se\/wp-content\/uploads\/2025\/10\/hacken-4-1024x576.jpg\" alt=\"251016 Faith Chinzimu fr\u00e5n H\u00e4cken firar med lagkamrater efter 1-3 under UEFA Women's Europa Cup-matchen mellan Katowice och H\u00e4cken den 16 oktober 2025 i Katowice.\" class=\"wp-image-329606\"  \/>Foto: Bildbyr\u00e5n<\/p>\n<p><strong>\u2714\ufe0f \u00c4ven <a href=\"https:\/\/fotbolldirekt.se\/internationellt\/just-nu-hammarby-klart-for-attondel-pressades-av-brann\/\" rel=\"nofollow noopener\" target=\"_blank\">Hammarby \u00e4r vidare till \u00e5ttondelsfinal<\/a>!<\/strong><\/p>\n<p><a href=\"https:\/\/fotbolldirekt.se\/klubb\/bk-hacken-ff\/\" rel=\"nofollow noopener\" target=\"_blank\">H\u00e4cken<\/a> var s\u00e5 gott som klart f\u00f6r avancemang till \u00e5ttondelsfinal i <strong>Europa Cup<\/strong> efter <a href=\"https:\/\/fotbolldirekt.se\/internationellt\/rejal-fordel-hacken-sampaio-stor-hjalte-pa-hisingen\/\" rel=\"nofollow noopener\" target=\"_blank\">4\u20130-segern hemma mot polska Katowice<\/a> i f\u00f6rra veckan. Under torsdagskv\u00e4llen spelades returm\u00f6tet i Polen, och d\u00e5 var H\u00e4cken aldrig hotat i jakten p\u00e5 slutspelsplats.<\/p>\n<p>Redan efter 17 minuter satte <strong>Monica Jusu Bah<\/strong> ledningsm\u00e5let, och efter en snabbt kvittering av Katowice ut\u00f6kade <strong>Paulina Nystr\u00f6m<\/strong> den sammanlagda ledningen ytterligare strax f\u00f6re halvtid.<\/p>\n<p>Sent i den andra halvleken satte inbytte Faith Chinzimu dit 1\u20133-m\u00e5let och sk\u00f6t H\u00e4cken upp i en total ledning p\u00e5 7\u20131 (!), och med det tog sig svensklaget till \u00e5ttondelsfinal i Europa Cup.<\/p>\n<p><img loading=\"lazy\" decoding=\"async\" width=\"1024\" height=\"576\" src=\"https:\/\/www.europesays.com\/se\/wp-content\/uploads\/2025\/10\/hacken2-1-1024x576.jpg\" alt=\"251016 Paulina Nystr\u00f6m fr\u00e5n H\u00e4cken firar med lagkamrater efter 1-2 under UEFA Women's Europa Cup-matchen mellan Katowice och H\u00e4cken den 16 oktober 2025 i Katowice.\" class=\"wp-image-329613\"  \/>H\u00e4cken jublar. Foto: Bildbyr\u00e5n<\/p>\n<p>Motst\u00e5ndet i \u00e5ttondelen lottas i morgon, fredag klockan 13:00. Avancemanget ger omkring 770 000 kronor.<\/p>\n<p>Startelvor:<\/p>\n<p><strong>Katowice:<\/strong><br \/>Seweryn \u2013 Nowak, Zawadzka, Cyraniak \u2013 Jaszek, Kalaberova, Kozarzewska, Hmirova \u2013 Maciazka, Nieciag, Brzeczek.<\/p>\n<p><strong>BK H\u00e4cken:<\/strong><br \/>Birkisdottir \u2013 Byrnak, \u00d6stlund, L\u00f6wing, Akgun \u2013 Wickenheiser, Helena \u2013 Bergstr\u00f6m, Nilden, Jusu Baj \u2013 Nystr\u00f6m.<\/p>\n","protected":false},"excerpt":{"rendered":"H\u00e4cken \u00e4r klart f\u00f6r \u00e5ttondelsfinal i Europa Cup.Returm\u00f6tet med Katowice slutade 1\u20133. Foto: Bildbyr\u00e5n \u2714\ufe0f \u00c4ven Hammarby \u00e4r&hellip;\n","protected":false},"author":2,"featured_media":57374,"comment_status":"","ping_status":"","sticky":false,"template":"","format":"standard","meta":{"footnotes":""},"categories":[68],"tags":[754,34,111,110,31,33,32,30],"class_list":{"0":"post-57373","1":"post","2":"type-post","3":"status-publish","4":"format-standard","5":"has-post-thumbnail","7":"category-sport","8":"tag-huvudblock","9":"tag-se","10":"tag-sport","11":"tag-sports","12":"tag-svenska","13":"tag-sverige","14":"tag-sweden","15":"tag-swedish"},"share_on_mastodon":{"url":"","error":""},"_links":{"self":[{"href":"https:\/\/www.europesays.com\/se\/wp-json\/wp\/v2\/posts\/57373","targetHints":{"allow":["GET"]}}],"collection":[{"href":"https:\/\/www.europesays.com\/se\/wp-json\/wp\/v2\/posts"}],"about":[{"href":"https:\/\/www.europesays.com\/se\/wp-json\/wp\/v2\/types\/post"}],"author":[{"embeddable":true,"href":"https:\/\/www.europesays.com\/se\/wp-json\/wp\/v2\/users\/2"}],"replies":[{"embeddable":true,"href":"https:\/\/www.europesays.com\/se\/wp-json\/wp\/v2\/comments?post=57373"}],"version-history":[{"count":0,"href":"https:\/\/www.europesays.com\/se\/wp-json\/wp\/v2\/posts\/57373\/revisions"}],"wp:featuredmedia":[{"embeddable":true,"href":"https:\/\/www.europesays.com\/se\/wp-json\/wp\/v2\/media\/57374"}],"wp:attachment":[{"href":"https:\/\/www.europesays.com\/se\/wp-json\/wp\/v2\/media?parent=57373"}],"wp:term":[{"taxonomy":"category","embeddable":true,"href":"https:\/\/www.europesays.com\/se\/wp-json\/wp\/v2\/categories?post=57373"},{"taxonomy":"post_tag","embeddable":true,"href":"https:\/\/www.europesays.com\/se\/wp-json\/wp\/v2\/tags?post=57373"}],"curies":[{"name":"wp","href":"https:\/\/api.w.org\/{rel}","templated":true}]}}