{"id":57383,"date":"2025-10-16T21:26:12","date_gmt":"2025-10-16T21:26:12","guid":{"rendered":"https:\/\/www.europesays.com\/se\/57383\/"},"modified":"2025-10-16T21:26:12","modified_gmt":"2025-10-16T21:26:12","slug":"uppgifter-rosen-klar-for-moderklubben","status":"publish","type":"post","link":"https:\/\/www.europesays.com\/se\/57383\/","title":{"rendered":"Uppgifter: Ros\u00e9n klar f\u00f6r moderklubben"},"content":{"rendered":"<p>Robert Ros\u00e9n har inte gjort sin sista hockeymatch. <\/p>\n<p><a href=\"https:\/\/www.smp.se\/sport\/rosen-sluter-cirkeln-spelar-med-alvesta\/\" rel=\"nofollow noopener\" target=\"_blank\">Sm\u00e5landsposten<\/a> skriver att den m\u00e5ng\u00e5rige SHL-profilen sluter cirkeln och spelar en sista match f\u00f6r Alvesta i Hockeytv\u00e5an. <\/p>\n<p class=\"\">Det blir ytterligare ett kapitel i den l\u00e5nga hockeysagan om Robert Ros\u00e9n. Enligt uppgifter till Sm\u00e5landsposten \u2013 som bekr\u00e4ftas av Alvesta SK:s ordf\u00f6rande Claus Holmgren \u2013 kommer V\u00e4xj\u00f6 Lakers-ikonen att sn\u00f6ra p\u00e5 sig skridskorna igen.<\/p>\n<p class=\"\">Ros\u00e9n, som lade av efter V\u00e4xj\u00f6s utt\u00e5g ur SM-slutspelet i v\u00e5ras, g\u00f6r en tillf\u00e4llig comeback i moderklubben Alvesta SK. Den 9 november kliver han in i Hockeytv\u00e5anmatchen mot HA74 \u2013 och sluter d\u00e4rmed cirkeln i den klubb d\u00e4r allt b\u00f6rjade.<\/p>\n<p class=\"\">Efter en l\u00e5ng och framg\u00e5ngsrik karri\u00e4r med bland annat 618 SHL-matcher, 445 po\u00e4ng, en VM-turnering, tv\u00e5 s\u00e4songer i KHL och fyra SM-guld med V\u00e4xj\u00f6 Lakers, g\u00f6r 37-\u00e5ringen nu en match i division 2 \u2013 f\u00f6r k\u00e4rleken till hockeyn och hemmapubliken.<\/p>\n<p class=\"\">Alvesta har f\u00e5tt en tung start p\u00e5 s\u00e4songen och ligger n\u00e4st sist i tabellen efter sex omg\u00e5ngar. N\u00e4r Ros\u00e9n drar p\u00e5 sig klubbens tr\u00f6ja igen v\u00e4ntar dock en rej\u00e4l injektion \u2013 b\u00e5de p\u00e5 isen och i omkl\u00e4dningsrummet.<\/p>\n<p><a class=\"block my-8\" href=\"https:\/\/hockeynews.se\/hockeynewsguiden\/vaxjo-lakers\" rel=\"nofollow noopener\" target=\"_blank\"><img alt=\"\" loading=\"lazy\" width=\"1080\" height=\"200\" decoding=\"async\" data-nimg=\"1\" style=\"color:transparent\" src=\"https:\/\/www.europesays.com\/se\/wp-content\/uploads\/2025\/10\/UcgCTi5bLdpkctGUejLmoYGK9bowqaDPORWxcX1Q.png\"\/><\/a>Kommentarer TopprankadeSenaste\u00c4ldstaTrendar<\/p>\n<p>Skaffa PLUS f\u00f6r att kommentera<\/p>\n<p>Med en aktiv PLUS-prenumeration kan du kommentera, svara p\u00e5 andra och gilla kommentarer.<\/p>\n<p><a class=\"btn-primary btn-small\" href=\"https:\/\/hockeynews.se\/plus\" rel=\"nofollow noopener\" target=\"_blank\">Skaffa PLUS<\/a><\/p>\n<p>Silly, analyser &amp; senaste nytt <a class=\"text-yellow underline font-bold\" href=\"https:\/\/hockeynews.se\/plus\" rel=\"nofollow noopener\" target=\"_blank\">L\u00e5s upp hela sajten \u2013 f\u00e5 PLUS<\/a>. (s\u00e4g upp n\u00e4r du vill)<\/p>\n<p>Halva priset p\u00e5 TV4 Play Sport Hockey \u2013 <a class=\"text-yellow underline\" href=\"https:\/\/www.tv4play.se\/kampanj\/hockeynewshockey\" rel=\"nofollow noopener\" target=\"_blank\">f\u00e5 kod med Hockeynews h\u00e4r!<\/a> (Annons)<\/p>\n","protected":false},"excerpt":{"rendered":"Robert Ros\u00e9n har inte gjort sin sista hockeymatch. Sm\u00e5landsposten skriver att den m\u00e5ng\u00e5rige SHL-profilen sluter cirkeln och spelar&hellip;\n","protected":false},"author":2,"featured_media":57384,"comment_status":"","ping_status":"","sticky":false,"template":"","format":"standard","meta":{"footnotes":""},"categories":[68],"tags":[34,111,110,31,33,32,30],"class_list":{"0":"post-57383","1":"post","2":"type-post","3":"status-publish","4":"format-standard","5":"has-post-thumbnail","7":"category-sport","8":"tag-se","9":"tag-sport","10":"tag-sports","11":"tag-svenska","12":"tag-sverige","13":"tag-sweden","14":"tag-swedish"},"share_on_mastodon":{"url":"","error":""},"_links":{"self":[{"href":"https:\/\/www.europesays.com\/se\/wp-json\/wp\/v2\/posts\/57383","targetHints":{"allow":["GET"]}}],"collection":[{"href":"https:\/\/www.europesays.com\/se\/wp-json\/wp\/v2\/posts"}],"about":[{"href":"https:\/\/www.europesays.com\/se\/wp-json\/wp\/v2\/types\/post"}],"author":[{"embeddable":true,"href":"https:\/\/www.europesays.com\/se\/wp-json\/wp\/v2\/users\/2"}],"replies":[{"embeddable":true,"href":"https:\/\/www.europesays.com\/se\/wp-json\/wp\/v2\/comments?post=57383"}],"version-history":[{"count":0,"href":"https:\/\/www.europesays.com\/se\/wp-json\/wp\/v2\/posts\/57383\/revisions"}],"wp:featuredmedia":[{"embeddable":true,"href":"https:\/\/www.europesays.com\/se\/wp-json\/wp\/v2\/media\/57384"}],"wp:attachment":[{"href":"https:\/\/www.europesays.com\/se\/wp-json\/wp\/v2\/media?parent=57383"}],"wp:term":[{"taxonomy":"category","embeddable":true,"href":"https:\/\/www.europesays.com\/se\/wp-json\/wp\/v2\/categories?post=57383"},{"taxonomy":"post_tag","embeddable":true,"href":"https:\/\/www.europesays.com\/se\/wp-json\/wp\/v2\/tags?post=57383"}],"curies":[{"name":"wp","href":"https:\/\/api.w.org\/{rel}","templated":true}]}}