{"id":57389,"date":"2025-10-16T21:34:10","date_gmt":"2025-10-16T21:34:10","guid":{"rendered":"https:\/\/www.europesays.com\/se\/57389\/"},"modified":"2025-10-16T21:34:10","modified_gmt":"2025-10-16T21:34:10","slug":"elias-ymer-till-kvartsfinal-i-nordic-open","status":"publish","type":"post","link":"https:\/\/www.europesays.com\/se\/57389\/","title":{"rendered":"Elias Ymer till kvartsfinal i Nordic Open"},"content":{"rendered":"<p><a data-test-tag=\"internal-link\" href=\"https:\/\/www.aftonbladet.se\/av\/anton-johansson\" class=\"hyperion-css-13ns1rr\" rel=\"nofollow noopener\" target=\"\" aria-label=\"Se alla artiklar av Anton Johansson\"><img decoding=\"async\" class=\"image-asset hyperion-css-n6kkq1\" data-test-tag=\"image-asset\" src=\"https:\/\/www.europesays.com\/se\/wp-content\/uploads\/2025\/10\/1760650449_549_ee21040d-9e79-4667-a3ee-2f9842b2fc2d\"  alt=\"\"  loading=\"lazy\" fetchpriority=\"auto\" style=\"aspect-ratio:1900 \/ 1900\"\/><\/a><\/p>\n<p class=\"boxtextgrotesk-root_baa6 hyperion-css-1w346fg\">Uppdaterad 22.47 | Publicerad 22.28<\/p>\n<p>share-arrowDela<\/p>\n<p>unsaveSpara<\/p>\n<p>expand-left<\/p>\n<p>helsk\u00e4rm<img decoding=\"async\" class=\"image-asset hyperion-css-u06ts1\" data-test-tag=\"image-asset\" src=\"https:\/\/www.europesays.com\/se\/wp-content\/uploads\/2025\/10\/707f6fcd-799a-4dc5-a7d2-0a7db2e5f192\"  alt=\"Elias Ymer.\"  loading=\"eager\" fetchpriority=\"high\" style=\"aspect-ratio:1900 \/ 1267\"\/>Elias Ymer. Foto: Jesper Zerman \/ Bildbyr\u00e5n<\/p>\n<p class=\"hyperion-css-1shl3oz\" data-test-tag=\"lead-text\">Elias Ymer, 29, stormar fram i Kungliga Tennishallen.<\/p>\n<p class=\"hyperion-css-1shl3oz\" data-test-tag=\"lead-text\">Sverigeettan \u00e4r vidare till kvartsfinal i Nordic Open efter att ha besegrat Jacob Fearnley med 2\u20130 i set. <\/p>\n<p class=\"hyperion-css-1shl3oz\" data-test-tag=\"lead-text\">\u2013 Allt gick min v\u00e4g och d\u00e5 \u00e4r det enkelt att spela tennis, s\u00e4ger Ymer i SVT efter 6\u20132, 6\u20132.<\/p>\n<p class=\"hyperion-css-1v9qo5x\">I tisdags besegrade han brorsan Mikael Ymer i tv\u00e5 raka set.<\/p>\n<p class=\"hyperion-css-1v9qo5x\">I dag blev det seger mot en spelare som \u00e4r 162 platser b\u00e4ttre p\u00e5 v\u00e4rldsrankningen.<\/p>\n<p class=\"hyperion-css-1v9qo5x\">Ymer, 243:a i v\u00e4rlden, satte tonen direkt mot Fearnley som huserar p\u00e5 plats 81.<\/p>\n<p class=\"hyperion-css-1v9qo5x\">Svensken gick direkt upp till 3\u20130, sl\u00e4ppte aldrig p\u00e5 gasen och tog hem f\u00f6rsta set komfortabelt.<\/p>\n<p>F\u00e5r hj\u00e4lp av Mikael<\/p>\n<p class=\"hyperion-css-1v9qo5x\">Samma visa upprepade sig i andra set. Fearnley var aldrig riktigt n\u00e4ra och Ymer vann efter 75 minuters spel.<\/p>\n<p class=\"hyperion-css-1v9qo5x\">Han ber\u00e4ttar att han fick mycket hj\u00e4lp av brorsan Mikael.<\/p>\n<p class=\"hyperion-css-1v9qo5x\">\u2013 Mikael hj\u00e4lper mig nu n\u00e4r han har f\u00f6rlorat. Han har en s\u00e5dan tennishj\u00e4rna och jag fick m\u00e5nga tips av honom. Han var p\u00e5 mig mycket om att l\u00e5ta honom (Fearnley) spela och att han inte kommer att orka mitt tempo om jag f\u00f6rl\u00e4nger bollduellerna, s\u00e4ger Ymer.<\/p>\n<p>St\u00e4lls mot Borgs \u00f6verman<\/p>\n<p class=\"hyperion-css-1v9qo5x\">Det \u00e4r andra g\u00e5ngen han tar sig vidare till kvartsfinal i Nordic Open. D\u00e4r v\u00e4ntar Denis Shapovalov p\u00e5 fredag kv\u00e4ll.<\/p>\n<p class=\"hyperion-css-1v9qo5x\">\u2013 En svensk p\u00e5 en fredag kv\u00e4ll i Stockholm kan inte bli b\u00e4ttre. Jag ska ge allt, s\u00e4ger Ymer.<\/p>\n<p class=\"hyperion-css-1v9qo5x\">Kanadensaren \u00e4r 23:a i v\u00e4rlden och <a data-test-tag=\"internal-link\" href=\"https:\/\/www.aftonbladet.se\/sportbladet\/a\/rPBaVa\/leo-borg-ute-ur-stockholm-open-forlorade-mot-denis-shapovalov\" class=\"hyperion-css-15jkft9\" rel=\"nofollow noopener\" target=\"\" aria-label=\"slog ut Leo Borg \" theme=\"sportbladet\">slog ut Leo Borg <\/a>med 2\u20131 i set i onsdags.<\/p>\n","protected":false},"excerpt":{"rendered":"Uppdaterad 22.47 | Publicerad 22.28 share-arrowDela unsaveSpara expand-left helsk\u00e4rmElias Ymer. Foto: Jesper Zerman \/ Bildbyr\u00e5n Elias Ymer, 29,&hellip;\n","protected":false},"author":2,"featured_media":57390,"comment_status":"","ping_status":"","sticky":false,"template":"","format":"standard","meta":{"footnotes":""},"categories":[68],"tags":[34,111,110,31,33,32,30],"class_list":{"0":"post-57389","1":"post","2":"type-post","3":"status-publish","4":"format-standard","5":"has-post-thumbnail","7":"category-sport","8":"tag-se","9":"tag-sport","10":"tag-sports","11":"tag-svenska","12":"tag-sverige","13":"tag-sweden","14":"tag-swedish"},"share_on_mastodon":{"url":"","error":""},"_links":{"self":[{"href":"https:\/\/www.europesays.com\/se\/wp-json\/wp\/v2\/posts\/57389","targetHints":{"allow":["GET"]}}],"collection":[{"href":"https:\/\/www.europesays.com\/se\/wp-json\/wp\/v2\/posts"}],"about":[{"href":"https:\/\/www.europesays.com\/se\/wp-json\/wp\/v2\/types\/post"}],"author":[{"embeddable":true,"href":"https:\/\/www.europesays.com\/se\/wp-json\/wp\/v2\/users\/2"}],"replies":[{"embeddable":true,"href":"https:\/\/www.europesays.com\/se\/wp-json\/wp\/v2\/comments?post=57389"}],"version-history":[{"count":0,"href":"https:\/\/www.europesays.com\/se\/wp-json\/wp\/v2\/posts\/57389\/revisions"}],"wp:featuredmedia":[{"embeddable":true,"href":"https:\/\/www.europesays.com\/se\/wp-json\/wp\/v2\/media\/57390"}],"wp:attachment":[{"href":"https:\/\/www.europesays.com\/se\/wp-json\/wp\/v2\/media?parent=57389"}],"wp:term":[{"taxonomy":"category","embeddable":true,"href":"https:\/\/www.europesays.com\/se\/wp-json\/wp\/v2\/categories?post=57389"},{"taxonomy":"post_tag","embeddable":true,"href":"https:\/\/www.europesays.com\/se\/wp-json\/wp\/v2\/tags?post=57389"}],"curies":[{"name":"wp","href":"https:\/\/api.w.org\/{rel}","templated":true}]}}