{"id":57411,"date":"2025-10-16T22:20:09","date_gmt":"2025-10-16T22:20:09","guid":{"rendered":"https:\/\/www.europesays.com\/se\/57411\/"},"modified":"2025-10-16T22:20:09","modified_gmt":"2025-10-16T22:20:09","slug":"derbyforlust-fjarde-raka-nederlaget-for-redhawks","status":"publish","type":"post","link":"https:\/\/www.europesays.com\/se\/57411\/","title":{"rendered":"Derbyf\u00f6rlust &#8211; fj\u00e4rde raka nederlaget f\u00f6r Redhawks"},"content":{"rendered":"<p>Malm\u00f6 f\u00f6ll i torsdagens heta Sk\u00e5nederby med 2-3 och \u00e5kte d\u00e4rmed p\u00e5 sin fj\u00e4rde raka f\u00f6rlust.\n<\/p>\n<p><strong>F\u00f6rsta perioden: <\/strong><\/p>\n<p style=\"line-height: 1.38; margin-top: 0pt; margin-bottom: 0pt\">Det var en j\u00e4mn f\u00f6rsta period. Redhawks tog ledningen genom Carl Persson i PP, och Langhamer gjorde ett par viktiga r\u00e4ddningar. <\/p>\n<p style=\"line-height: 1.38; margin-top: 0pt; margin-bottom: 0pt\"><strong>Andra perioden: <\/strong><\/p>\n<p style=\"line-height: 1.38; margin-top: 0pt; margin-bottom: 0pt\">En bedr\u00f6vlig period som R\u00f6gle tog \u00f6ver och dominerade i. Malm\u00f6 blev nedtryckta och fick inte till n\u00e5got spel alls. Tv\u00e5 skott p\u00e5 m\u00e5l efter halva andra perioden och totalt sett 9 p\u00e5 hela perioden summerar det r\u00e4tt bra. R\u00f6gle v\u00e4nder p\u00e5 steken och g\u00f6r b\u00e5de 1-1 och 1-2 i denna period, och hemmalaget ska vara tacksamma \u00f6ver att Langhamer stod upp bra och h\u00f6ll nere siffrorna. <\/p>\n<p style=\"line-height: 1.38; margin-top: 0pt; margin-bottom: 0pt\"><strong>Tredje perioden: <\/strong><\/p>\n<p style=\"line-height: 1.38; margin-top: 0pt; margin-bottom: 0pt\">En sv\u00e4ngig period som inleddes med fem mot tre spel f\u00f6r Malm\u00f6 i numer\u00e4rt \u00f6verl\u00e4ge, vilket gav utdelning direkt. R\u00f6gle g\u00f6r dock 2-3 med 14 min kvar, men i slutet av perioden f\u00e5r Malm\u00f6 \u00e4nnu ett PP och fick chansen att kvittera men det lyckades man inte med. Vid slutsignalen utbr\u00f6t slagsm\u00e5l och det h\u00e4r derbyt inneh\u00f6ll nog flest k\u00e4nslor p\u00e5 l\u00e4nge. Inte minst tack vare spelare som Lauri Pajuniemi och Mark Friedman som verkligen s\u00e5g ut att trivas i hettan. <\/p>\n<p style=\"line-height: 1.38; margin-top: 0pt; margin-bottom: 0pt\">Fr\u00e5gan \u00e4r nu n\u00e4r Malm\u00f6 g\u00f6r sitt n\u00e4sta m\u00e5l i spel fem mot fem? Det har g\u00e5tt 181 minuter sedan det senaste \u2013 en oroande trend. <\/p>\n<p style=\"line-height: 1.38; margin-top: 0pt; margin-bottom: 0pt\"><strong>Matchens tre stj\u00e4rnor: <\/strong><\/p>\n<p style=\"line-height: 1.38; margin-top: 0pt; margin-bottom: 0pt\"><strong>\u2605 \u2605 \u2605 <\/strong>Marek Langhamer <\/p>\n<p style=\"line-height: 1.38; margin-top: 0pt; margin-bottom: 0pt\">Gav Malm\u00f6 chansen att ta po\u00e4ng i den h\u00e4r matchen. Stod f\u00f6r ett par viktiga r\u00e4ddningar matchen igenom och ser fortsatt stabil ut. <\/p>\n<p style=\"line-height: 1.38; margin-top: 0pt; margin-bottom: 0pt\"><strong>\u2605 \u2605 <\/strong>Lauri Pajuniemi <\/p>\n<p style=\"line-height: 1.38; margin-top: 0pt; margin-bottom: 0pt\">Det syntes att han har saknat att spela denna typ av matcher. Var allt som oftast indragen i olika situationer ute p\u00e5 isen och \u00e4r den forward som utm\u00e4rkte sig mest i hemmalaget. <\/p>\n<p style=\"line-height: 1.38; margin-top: 0pt; margin-bottom: 0pt\"><strong>\u2605 <\/strong>Martin Schreiber <\/p>\n<p style=\"line-height: 1.38; margin-top: 0pt; margin-bottom: 0pt\">Har verkligen tagit chansen n\u00e4r han i Bartons fr\u00e5nvaro f\u00e5tt spela i f\u00f6rsta backparet med Salo. Stabil defensivt och v\u00e5gar ta f\u00f6r sig mer och mer. <\/p>\n","protected":false},"excerpt":{"rendered":"Malm\u00f6 f\u00f6ll i torsdagens heta Sk\u00e5nederby med 2-3 och \u00e5kte d\u00e4rmed p\u00e5 sin fj\u00e4rde raka f\u00f6rlust. F\u00f6rsta perioden:&hellip;\n","protected":false},"author":2,"featured_media":57412,"comment_status":"","ping_status":"","sticky":false,"template":"","format":"standard","meta":{"footnotes":""},"categories":[5],"tags":[159,22,23,158,157,26,27,138,17,156,21,24,25,28,29,165,164,15,16,140,18,34,160,162,111,31,161,33,32,30,163,19,20],"class_list":{"0":"post-57411","1":"post","2":"type-post","3":"status-publish","4":"format-standard","5":"has-post-thumbnail","7":"category-rubriker","8":"tag-allsvenskan","9":"tag-breaking-news","10":"tag-breakingnews","11":"tag-fans","12":"tag-fantv","13":"tag-featured-news","14":"tag-featurednews","15":"tag-fotboll","16":"tag-headlines","17":"tag-hockey","18":"tag-huvudnyheter","19":"tag-latest-news","20":"tag-latestnews","21":"tag-main-news","22":"tag-mainnews","23":"tag-matcher","24":"tag-matchprogram","25":"tag-news","26":"tag-nyheter","27":"tag-premier-league","28":"tag-rubriker","29":"tag-se","30":"tag-serie-a","31":"tag-spelschema","32":"tag-sport","33":"tag-svenska","34":"tag-svenskafans","35":"tag-sverige","36":"tag-sweden","37":"tag-swedish","38":"tag-tabeller","39":"tag-top-stories","40":"tag-topstories"},"share_on_mastodon":{"url":"","error":""},"_links":{"self":[{"href":"https:\/\/www.europesays.com\/se\/wp-json\/wp\/v2\/posts\/57411","targetHints":{"allow":["GET"]}}],"collection":[{"href":"https:\/\/www.europesays.com\/se\/wp-json\/wp\/v2\/posts"}],"about":[{"href":"https:\/\/www.europesays.com\/se\/wp-json\/wp\/v2\/types\/post"}],"author":[{"embeddable":true,"href":"https:\/\/www.europesays.com\/se\/wp-json\/wp\/v2\/users\/2"}],"replies":[{"embeddable":true,"href":"https:\/\/www.europesays.com\/se\/wp-json\/wp\/v2\/comments?post=57411"}],"version-history":[{"count":0,"href":"https:\/\/www.europesays.com\/se\/wp-json\/wp\/v2\/posts\/57411\/revisions"}],"wp:featuredmedia":[{"embeddable":true,"href":"https:\/\/www.europesays.com\/se\/wp-json\/wp\/v2\/media\/57412"}],"wp:attachment":[{"href":"https:\/\/www.europesays.com\/se\/wp-json\/wp\/v2\/media?parent=57411"}],"wp:term":[{"taxonomy":"category","embeddable":true,"href":"https:\/\/www.europesays.com\/se\/wp-json\/wp\/v2\/categories?post=57411"},{"taxonomy":"post_tag","embeddable":true,"href":"https:\/\/www.europesays.com\/se\/wp-json\/wp\/v2\/tags?post=57411"}],"curies":[{"name":"wp","href":"https:\/\/api.w.org\/{rel}","templated":true}]}}