{"id":57498,"date":"2025-10-17T03:45:34","date_gmt":"2025-10-17T03:45:34","guid":{"rendered":"https:\/\/www.europesays.com\/se\/57498\/"},"modified":"2025-10-17T03:45:34","modified_gmt":"2025-10-17T03:45:34","slug":"gick-lite-snabbt-falu-kuriren","status":"publish","type":"post","link":"https:\/\/www.europesays.com\/se\/57498\/","title":{"rendered":"\u201dGick lite snabbt\u201d \u2013 Falu-Kuriren"},"content":{"rendered":"<p>Leksand st\u00e4nger arenan f\u00f6r allm\u00e4nhet och media sex dagar i veckan \u2013 som enda f\u00f6rening i SHL.<\/p>\n<p>Nu f\u00f6rklarar klubbens vd varf\u00f6r.<\/p>\n<p>\u2013 Det \u00e4r ur arbetsmilj\u00f6synpunkt, s\u00e4ger Peter Wiklund.<\/p>\n<p><strong>TV: <\/strong>Efter kritikstormen \u2013 vd Peter Wiklund svarar: \u201dM\u00e5n om v\u00e5r personal\u201d<\/p>\n<p class=\"lcl-resource__placeholder-text\">Inb\u00e4ddat inneh\u00e5ll<\/p>\n<p>\u00c4ndra inst\u00e4llningar<\/p>\n<p>Att Leksands IF har valt att porta media och allm\u00e4nheten fr\u00e5n tr\u00e4ningarna i Tegera arena (utom p\u00e5 onsdagar) har blivit en <a class=\"article__content-link\" href=\"https:\/\/www.falukuriren.se\/artikel\/hockeysverige-kokar-efter-leksands-beslut\/\" rel=\"nofollow noopener\" target=\"_blank\">snackis i ishockey-Sverige<\/a>, d\u00e4r Expressens kr\u00f6nik\u00f6r Sanny Lindstr\u00f6m till och med <a class=\"article__content-link\" href=\"https:\/\/www.expressen.se\/sport\/blogg\/sannylindstrom\/2025\/10\/14\/det-har-ar-att-skjuta-sig-sjalva-i-foten\/?bn_content=latest_post_widget\" rel=\"nofollow noopener\" target=\"_blank\">j\u00e4mf\u00f6r tilltaget med hur Donald Trump behandlar pressen i USA.<\/a><\/p>\n<p aria-disabled=\"true\" class=\"ad__preamble ad-text txt-style-muted txt-ui txt-ui--strong txt-ui-2\">Annons<\/p>\n<p aria-disabled=\"true\" class=\"ad__preamble ad-text txt-style-muted txt-ui txt-ui--strong txt-ui-2\">Annons<\/p>\n<p>N\u00e4r FK-sporten s\u00e4nde live fr\u00e5n en provisorisk studio i Tegera arena p\u00e5 onsdagen f\u00f6rklarade klubbens vd Peter Wiklund varf\u00f6r LIF fattat ett s\u00e5 pass drastiskt beslut.<\/p>\n<p>\u2013 Vi har tagit ett beslut utifr\u00e5n hur omv\u00e4rlden ser ut och utifr\u00e5n en arbetsmilj\u00f6synpunkt. Det h\u00e4r \u00e4r faktiskt en arbetsplats och vi \u00e4r m\u00e5n om v\u00e5r personal s\u00e5 att det inte h\u00e4nder n\u00e5nting, s\u00e4ger Wiklund och h\u00e4nvisar till s\u00e4kerhetsaspekten.<\/p>\n<p>\u2013 Vi b\u00f6r veta vilka det \u00e4r som vistas i v\u00e5r arena. S\u00e4g att det h\u00e4nder n\u00e5nting, att en brand bryter ut och folk kommer till uppsamlingsplatsen h\u00e4r utanf\u00f6r. D\u00e5 m\u00e5ste vi ha reda p\u00e5 om alla \u00e4r ute ur arenan. Springer det runt folk h\u00e4r inne som vi inte vet vilka det \u00e4r kan vi heller inte s\u00e4kerst\u00e4lla att de har tagit sig ut.<\/p>\n<p><img decoding=\"async\" width=\"640\" height=\"427\" class=\"article-image article-image--unbound\" alt=\"Leksands vd Peter Wiklund: \u201dF\u00f6r mig \u00e4r det inte tal om en st\u00e4ngd arena\u201d.\" src=\"https:\/\/www.europesays.com\/se\/wp-content\/uploads\/2025\/10\/0506e8e5-819d-43b0-96a7-055557a1f66e.jpg\"   loading=\"lazy\"\/><a class=\"article__lightbox-link\" href=\"https:\/\/static.bonniernews.se\/ba\/0506e8e5-819d-43b0-96a7-055557a1f66e.jpg?width=1400&amp;format=pjpg&amp;auto=avif\" data-pswp-width=\"1400\" data-pswp-height=\"933\" data-pswp-caption=\"Leksands vd Peter Wiklund: \u201dF\u00f6r mig \u00e4r det inte tal om en st\u00e4ngd arena\u201d. Bild: DANIEL ERIKSSON\" data-pswp- rel=\"nofollow noopener\" target=\"_blank\">\u00d6ppna bild i helsk\u00e4rmsl\u00e4ge<\/a><\/p>\n<p class=\"txt-style-muted\" aria-hidden=\"true\">Leksands vd Peter Wiklund: \u201dF\u00f6r mig \u00e4r det inte tal om en st\u00e4ngd arena\u201d.<\/p>\n<p class=\"article__figcaption-attribution txt-style-muted\">Bild: DANIEL ERIKSSON<\/p>\n<p>Onsdagar \u00e4r det som g\u00e4ller om media vill tr\u00e4ffa spelare efter tr\u00e4ning.<\/p>\n<p>\u2013 Vi vill helt enkelt strukturera upp v\u00e5r verksamhet, och d\u00e5 \u00e4r onsdag en passande dag att komma hit p\u00e5. Det tror jag \u00e4ven att ni tycker, s\u00e4ger Wiklund som trots allt l\u00e4mnar en liten \u00f6ppning f\u00f6r press och allm\u00e4nhet under veckans \u00f6vriga dagar.<\/p>\n<p>\u2013 F\u00f6r mig \u00e4r det inte tal om en st\u00e4ngd arena. Om supportrar och ni i media f\u00f6ranm\u00e4ler er s\u00e5 \u00e4r jag s\u00e4ker p\u00e5 att ni kommer att komma in om det passar f\u00f6r oss.<\/p>\n<p><strong>Och n\u00e4r passar det?<\/strong><\/p>\n<p>\u2013 Sv\u00e5rt att s\u00e4ga fr\u00e5n dag till dag, men det blir ju beroende p\u00e5 vad vi h\u00e5ller p\u00e5 med. Vi kan vara upptagna med annat som m\u00f6ten, planering eller kundaktiviteter.<\/p>\n<p aria-disabled=\"true\" class=\"ad__preamble ad-text txt-style-muted txt-ui txt-ui--strong txt-ui-2\">Annons<\/p>\n<blockquote class=\"article__blockquote\">\n<p class=\"article__blockquote-text txt-headline txt-headline-3\">G\u00e5r man in p\u00e5 en arbetsplats b\u00f6r de som jobbar d\u00e4r informeras p\u00e5 f\u00f6rhand<\/p>\n<\/blockquote>\n<p aria-disabled=\"true\" class=\"ad__preamble ad-text txt-style-muted txt-ui txt-ui--strong txt-ui-2\">Annons<\/p>\n<p><strong>S\u00e5 de som anm\u00e4ler sig kan f\u00e5 titta p\u00e5 tr\u00e4ningar trots att budet \u00e4r att endast onsdagar g\u00e4ller?<\/strong><\/p>\n<p>\u2013 Det h\u00e4r gick lite snabbt i v\u00e5r kommunikation. Vi var kanske lite snabba med att s\u00e4ga att \u201dvi l\u00e5ser\u201d. Det \u00e4r ett litet missf\u00f6rst\u00e5nd som gjorde att vi s\u00e5 tidigt gick ut med det.<\/p>\n<p>S\u00e5 sent som p\u00e5 tisdagseftermiddagen gick general manager Thomas \u201dTjomme\u201d Johansson ut p\u00e5 Leksands IF:s Tiktok-konto och po\u00e4ngterade att f\u00f6reningen just \u201dst\u00e4nger ner arenan\u201d och h\u00e4lsar media v\u00e4lkomna p\u00e5 onsdagar.<\/p>\n<p><strong>Leksands IF \u00e4r inte som vilket f\u00f6retag som helst. Allm\u00e4nintresset \u00e4r stort och Leksands kommun har g\u00e5tt i borgen f\u00f6r era bankl\u00e5n \u2013 ligger det inte i ert intresse att vara s\u00e5 transparanta som m\u00f6jligt?<\/strong><\/p>\n<p>\u2013 Vi \u00e4r glada f\u00f6r att det \u00e4r s\u00e5 stort intresse, men vi b\u00f6r ha reda p\u00e5 vilka som r\u00f6r sig i de h\u00e4r lokalerna. Jag tycker det \u00e4r normalt. G\u00e5r man in p\u00e5 en arbetsplats b\u00f6r de som jobbar d\u00e4r informeras p\u00e5 f\u00f6rhand. Jag tror knappast att jag f\u00e5r komma till upp och st\u00f6ra er d\u00e4r ni sitter och skriver.<\/p>\n<p><img decoding=\"async\" width=\"640\" height=\"431\" class=\"article-image article-image--unbound\" alt=\"Peter Wiklund fick chansen att f\u00f6rklara klubbens beslut under onsdagen. \" src=\"https:\/\/www.europesays.com\/se\/wp-content\/uploads\/2025\/10\/34a28dd5-287d-41bd-8036-c71a7c9d9c0e.jpg\"   loading=\"lazy\"\/><a class=\"article__lightbox-link\" href=\"https:\/\/static.bonniernews.se\/ba\/34a28dd5-287d-41bd-8036-c71a7c9d9c0e.jpg?width=1400&amp;format=pjpg&amp;auto=avif\" data-pswp-width=\"1400\" data-pswp-height=\"943\" data-pswp-caption=\"Peter Wiklund fick chansen att f\u00f6rklara klubbens beslut under onsdagen.  Bild: Viggo Ekebj\u00e4r\" data-pswp- rel=\"nofollow noopener\" target=\"_blank\">\u00d6ppna bild i helsk\u00e4rmsl\u00e4ge<\/a><\/p>\n<p class=\"txt-style-muted\" aria-hidden=\"true\">Peter Wiklund fick chansen att f\u00f6rklara klubbens beslut under onsdagen. <\/p>\n<p class=\"article__figcaption-attribution txt-style-muted\">Bild: Viggo Ekebj\u00e4r<\/p>\n<p>Ingen av de \u00f6vriga SHL-klubbarna har st\u00e4ngda tr\u00e4ningar, visar en rundringning som FK-sporten genomf\u00f6rt.<\/p>\n<p>\u2013 Sen jag b\u00f6rjade i januari 2023 har vi aldrig haft en st\u00e4ngd tr\u00e4ning och s\u00e5 vitt jag vet s\u00e5 har det inte varit en st\u00e4ngd tr\u00e4ning under de 20 \u00e5ren f\u00f6re mig heller, s\u00e4ger Link\u00f6pings HC:s Edin Omanovic\u00a0som refererar till tiden d\u00e5 \u00f6stg\u00f6taklubben varit i h\u00f6gsta serien (sedan 2001).<\/p>\n<p>Malm\u00f6 Redhawks kommunikat\u00f6r Mattias Nilsson resonerar p\u00e5 samma s\u00e4tt:<\/p>\n<p>\u2013 V\u00e5r inst\u00e4llning \u00e4r att vi \u00e4r \u00f6ppna f\u00f6r media. Sen har vi en stor arena som vi inte \u00e4ger sj\u00e4lva, s\u00e5 ibland kan det vara sv\u00e5rt f\u00f6r v\u00e5ra supportrar att f\u00f6lja tr\u00e4ningar. Men vi har inget generellt f\u00f6rbud mot att se p\u00e5 v\u00e5ra ispass, varken f\u00f6r media eller allm\u00e4nheten i stort.<\/p>\n<p>Fakta: S\u00e5 ser det ut i SHL<\/p>\n<p><strong>\u00d6ppna tr\u00e4ningar: <\/strong>Bryn\u00e4s, Djurg\u00e5rden, Fr\u00f6lunda, F\u00e4rjestad, HV71, Link\u00f6ping, Lule\u00e5, Malm\u00f6, R\u00f6gle, Skellefte\u00e5, Timr\u00e5, V\u00e4xj\u00f6 och \u00d6rebro.<\/p>\n<p><strong>St\u00e4ngda tr\u00e4ningar:<\/strong> Leksand (f\u00f6rutom onsdagar).<\/p>\n<p><strong>Fotnot: <\/strong>Vissa klubbar har som policy att spelarna inte \u00e4r tillg\u00e4ngliga f\u00f6r intervjuer i samband med s\u00e5 kallade morgonv\u00e4rmningar under matchdag. En del f\u00f6reningar h\u00e5ller arenan st\u00e4ngd p\u00e5 h\u00f6gtidsdagar som jul- och ny\u00e5rsdagen.<\/p>\n","protected":false},"excerpt":{"rendered":"Leksand st\u00e4nger arenan f\u00f6r allm\u00e4nhet och media sex dagar i veckan \u2013 som enda f\u00f6rening i SHL. Nu&hellip;\n","protected":false},"author":2,"featured_media":57499,"comment_status":"","ping_status":"","sticky":false,"template":"","format":"standard","meta":{"footnotes":""},"categories":[68],"tags":[34,111,110,31,33,32,30],"class_list":{"0":"post-57498","1":"post","2":"type-post","3":"status-publish","4":"format-standard","5":"has-post-thumbnail","7":"category-sport","8":"tag-se","9":"tag-sport","10":"tag-sports","11":"tag-svenska","12":"tag-sverige","13":"tag-sweden","14":"tag-swedish"},"share_on_mastodon":{"url":"","error":""},"_links":{"self":[{"href":"https:\/\/www.europesays.com\/se\/wp-json\/wp\/v2\/posts\/57498","targetHints":{"allow":["GET"]}}],"collection":[{"href":"https:\/\/www.europesays.com\/se\/wp-json\/wp\/v2\/posts"}],"about":[{"href":"https:\/\/www.europesays.com\/se\/wp-json\/wp\/v2\/types\/post"}],"author":[{"embeddable":true,"href":"https:\/\/www.europesays.com\/se\/wp-json\/wp\/v2\/users\/2"}],"replies":[{"embeddable":true,"href":"https:\/\/www.europesays.com\/se\/wp-json\/wp\/v2\/comments?post=57498"}],"version-history":[{"count":0,"href":"https:\/\/www.europesays.com\/se\/wp-json\/wp\/v2\/posts\/57498\/revisions"}],"wp:featuredmedia":[{"embeddable":true,"href":"https:\/\/www.europesays.com\/se\/wp-json\/wp\/v2\/media\/57499"}],"wp:attachment":[{"href":"https:\/\/www.europesays.com\/se\/wp-json\/wp\/v2\/media?parent=57498"}],"wp:term":[{"taxonomy":"category","embeddable":true,"href":"https:\/\/www.europesays.com\/se\/wp-json\/wp\/v2\/categories?post=57498"},{"taxonomy":"post_tag","embeddable":true,"href":"https:\/\/www.europesays.com\/se\/wp-json\/wp\/v2\/tags?post=57498"}],"curies":[{"name":"wp","href":"https:\/\/api.w.org\/{rel}","templated":true}]}}