{"id":57511,"date":"2025-10-17T04:33:18","date_gmt":"2025-10-17T04:33:18","guid":{"rendered":"https:\/\/www.europesays.com\/se\/57511\/"},"modified":"2025-10-17T04:33:18","modified_gmt":"2025-10-17T04:33:18","slug":"sebastian-larssons-kryptiska-svar-om-framtiden-i-landslaget-strengnas-tidning","status":"publish","type":"post","link":"https:\/\/www.europesays.com\/se\/57511\/","title":{"rendered":"Sebastian Larssons kryptiska svar \u2013 om framtiden i landslaget &#8211; Strengn\u00e4s Tidning"},"content":{"rendered":"<ol>\n<li><a href=\"https:\/\/news.google.com\/rss\/articles\/CBMiwwFBVV95cUxNbWhSV1ZoVFl4QWZteXRQcXlqYklyelZpWEY0eDdJbFNUaTVxdGtaOWkwVnEyRnVhUVpYcWxpdXk2NmtqSEVzSE9wbXo5VEZ5aVdwdnNGcHg3RTBwVnlHM0NLMlFhd213RG1zdXYwekhpbi1LMVp1aUpRUmd4TW5SMkdPS2dncUFvVjVrTVY2ak1XNUtPYjBKQW5WM3N3MHBjUnpseGItSzdSMk96SDdoWHhfNE1wNE9MU3RRQjV3OXBJQm8?oc=5\" target=\"_blank\" rel=\"nofollow noopener\">Sebastian Larssons kryptiska svar \u2013 om framtiden i landslaget<\/a>&nbsp;&nbsp;Strengn\u00e4s Tidning<\/li>\n<li><a href=\"https:\/\/news.google.com\/rss\/articles\/CBMisgFBVV95cUxQM0ZmLXdETFR2ekJ4NFZUdmhjTG9FOEpqSnpkaDhiaDdDeGJ2VDZIVHM3T0ItYlp5YjF0OWFJOUkxOGdtSEw0ank5WVZXcWFMbzZlM2xlb09CWXRQWHdnSWNsSGNFbVRGeE5pWk5JM3FyNGlTTnYzb3FBVG5DdW5iSkNJZmR1OUNraU5BZGJZdGlzNmtZa3JxaXdkN1FxemM1b3pGUjBBUGtFRUNhY1ZEcUxn?oc=5\" target=\"_blank\" rel=\"nofollow noopener\">Spelet bakom: D\u00e4rf\u00f6r sparkades Jon Dahl Tomasson<\/a>&nbsp;&nbsp;Aftonbladet<\/li>\n<li><a href=\"https:\/\/news.google.com\/rss\/articles\/CBMifkFVX3lxTE5ncnVpMnVOU2tpZWpOX1REYVMwZXZmdkVLc2JocFE5bXR0YVZnYncxMDFCTl9aVUxqQ2NzSEpETTU1NjlzdUFkWGVseVlfREFMTHc3QkI1c1RYYlNWTmtSRnN2WENoREZGZVhxaDZET0k3RFpRTS0zVHY0Q2Z1UQ?oc=5\" target=\"_blank\" rel=\"nofollow noopener\">Fotboll: Kim K\u00e4llstr\u00f6m: \u201dAllt har inte varit d\u00e5ligt\u201d<\/a>&nbsp;&nbsp;SVT Nyheter<\/li>\n<li><a href=\"https:\/\/news.google.com\/rss\/articles\/CBMijgFBVV95cUxQcU5jOXdUYTN1bGtoSnJiSEdMUUl5VTVnQTNna0NGa0pfbFQ4M1JlNlNaUHUyYWtyb1NSX0RLSnJSQjU0U2ZxZFpmZXJUY3RobkxnMUJkVXJMcjhXQTAyWGNscl9jNnRHNjJHUEFRUWp1UXpoOWJDNmVxUms1R3hRcENzN0l2RjV4cURlZWNB?oc=5\" target=\"_blank\" rel=\"nofollow noopener\">AVSL\u00d6JAR: SvFF i kontakter kring JDT-ers\u00e4ttare<\/a>&nbsp;&nbsp;Fotbollskanalen<\/li>\n<li><a href=\"https:\/\/news.google.com\/rss\/articles\/CBMieEFVX3lxTE9jUDR5Znk4MEJIaFVUNEVEMkhZQ19KVjhBbVMzM2VyZkdvNW4wOW1tcFBPN19DRkZQTmk0aFlmNGh1a01hRFJoR0pjUVNiUEpla1NITFhaSHBRU1BTQzFJYkFfV1NuQ2g5RzE0ZjczZWZoSktxb2xMVw?oc=5\" target=\"_blank\" rel=\"nofollow noopener\">Nedsnack SHL: \u201dHelt fel v\u00e4g att g\u00e5\u201d 16 oktober 2025 &#8211; Radiosporten F\u00f6rdjupning<\/a>&nbsp;&nbsp;Sveriges Radio<\/li>\n<\/ol>\n","protected":false},"excerpt":{"rendered":"Sebastian Larssons kryptiska svar \u2013 om framtiden i landslaget&nbsp;&nbsp;Strengn\u00e4s Tidning Spelet bakom: D\u00e4rf\u00f6r sparkades Jon Dahl Tomasson&nbsp;&nbsp;Aftonbladet Fotboll:&hellip;\n","protected":false},"author":2,"featured_media":57452,"comment_status":"","ping_status":"","sticky":false,"template":"","format":"standard","meta":{"footnotes":""},"categories":[68],"tags":[34,111,110,31,33,32,30],"class_list":{"0":"post-57511","1":"post","2":"type-post","3":"status-publish","4":"format-standard","5":"has-post-thumbnail","7":"category-sport","8":"tag-se","9":"tag-sport","10":"tag-sports","11":"tag-svenska","12":"tag-sverige","13":"tag-sweden","14":"tag-swedish"},"share_on_mastodon":{"url":"","error":""},"_links":{"self":[{"href":"https:\/\/www.europesays.com\/se\/wp-json\/wp\/v2\/posts\/57511","targetHints":{"allow":["GET"]}}],"collection":[{"href":"https:\/\/www.europesays.com\/se\/wp-json\/wp\/v2\/posts"}],"about":[{"href":"https:\/\/www.europesays.com\/se\/wp-json\/wp\/v2\/types\/post"}],"author":[{"embeddable":true,"href":"https:\/\/www.europesays.com\/se\/wp-json\/wp\/v2\/users\/2"}],"replies":[{"embeddable":true,"href":"https:\/\/www.europesays.com\/se\/wp-json\/wp\/v2\/comments?post=57511"}],"version-history":[{"count":0,"href":"https:\/\/www.europesays.com\/se\/wp-json\/wp\/v2\/posts\/57511\/revisions"}],"wp:featuredmedia":[{"embeddable":true,"href":"https:\/\/www.europesays.com\/se\/wp-json\/wp\/v2\/media\/57452"}],"wp:attachment":[{"href":"https:\/\/www.europesays.com\/se\/wp-json\/wp\/v2\/media?parent=57511"}],"wp:term":[{"taxonomy":"category","embeddable":true,"href":"https:\/\/www.europesays.com\/se\/wp-json\/wp\/v2\/categories?post=57511"},{"taxonomy":"post_tag","embeddable":true,"href":"https:\/\/www.europesays.com\/se\/wp-json\/wp\/v2\/tags?post=57511"}],"curies":[{"name":"wp","href":"https:\/\/api.w.org\/{rel}","templated":true}]}}