{"id":57605,"date":"2025-10-17T06:32:08","date_gmt":"2025-10-17T06:32:08","guid":{"rendered":"https:\/\/www.europesays.com\/se\/57605\/"},"modified":"2025-10-17T06:32:08","modified_gmt":"2025-10-17T06:32:08","slug":"akessons-festkompis-fredrik-bermars-mote-med-extremisterna","status":"publish","type":"post","link":"https:\/\/www.europesays.com\/se\/57605\/","title":{"rendered":"\u00c5kessons festkompis Fredrik Bermars m\u00f6te med extremisterna"},"content":{"rendered":"<p>Fredrik Bermar, 51, poserade med Jimmie \u00c5kesson p\u00e5 SD-ledarens svensexa och var senare ocks\u00e5 g\u00e4st p\u00e5 hans br\u00f6llop.<\/p>\n<p>Expressen kan nu avsl\u00f6ja Bermars umg\u00e4nge med h\u00f6gerextremisten Christian Peterson och f\u00f6rl\u00e4ggaren bakom den d\u00f6mde F\u00f6rintelsef\u00f6rnekaren David Irvings bokutgivning, hans barnbarn Adam Irving.<\/p>\n<p><img   alt=\"\"\/><\/p>\n<p>Fredrik Bermar i mitten tillsammans med f\u00f6rl\u00e4ggaren Adam Irving och h\u00f6gerextremisten Christian Peterson.<\/p>\n<p>\u00d6ppna bild i helsk\u00e4rm<img loading=\"lazy\"   alt=\"\"\/><\/p>\n<p>Fredrik Bermar, till v\u00e4nster om Jimmie \u00c5kesson, var p\u00e5 SD-ledarens svensexa i september f\u00f6rra \u00e5ret.<\/p>\n<p>Foto: Johan Wifralius<\/p>\n<p>\u00d6ppna bild i helsk\u00e4rm<img loading=\"lazy\"   alt=\"\"\/><\/p>\n<p>Fredrik Bermar (i mitten) var p\u00e5 Jimmie \u00c5kessons br\u00f6llop 2024.<\/p>\n<p>Foto: JENS CHRISTIAN<\/p>\n<p>\u00d6ppna bild i helsk\u00e4rm<img loading=\"lazy\"   alt=\"\"\/><\/p>\n<p>Jimmie \u00c5kesson och Matilda K\u00e4rnerup gifte sig i S\u00f6lvesborg i september 2024.<\/p>\n<p>Foto: PELLE T NILSSON \/ SPA | SWEDISH PRESS AGENCY<\/p>\n<p>\u00d6ppna bild i helsk\u00e4rm<\/p>\n<p>F\u00f6rra h\u00f6sten kunde Expressen avsl\u00f6ja att <a href=\"https:\/\/www.expressen.se\/nyheter\/sverige\/gangtoppen-robert-hedarv-pa-jimmie-akessons-brollop\/\" rel=\"nofollow noopener\" target=\"_blank\">g\u00e4ngtoppen Robert Hedarv<\/a>, d\u00e5 ledare inom det kriminella mc-g\u00e4nget Comanches, var en av g\u00e4sterna p\u00e5 SD-ledaren Jimmie \u00c5kessons br\u00f6llop i S\u00f6lvesborg.\u00a0<\/p>\n<p>Granskningen i korthet<\/p>\n<p> Fredrik Bermar var f\u00f6rra \u00e5ret g\u00e4st p\u00e5 Jimmie \u00c5kessons svensexa och br\u00f6llop. SD-ledaren har, tillsammans med flera i SD:s toppskikt, deltagit i fester i Bermars sommarstuga p\u00e5 Tors\u00f6 i Mariestads kommun.<\/p>\n<p> I v\u00e5ras tr\u00e4ffade Bermar h\u00f6gerextremisten Christian Peterson och den brittiske f\u00f6rl\u00e4ggaren Adam Irving, som ger ut sin sl\u00e4kting, den \u00f6k\u00e4nde historierevisionisten, David Irvings b\u00f6cker, p\u00e5 en uteservering i G\u00f6teborg.<\/p>\n<p> SD:s pressavdelning skriver om \u00c5kessons br\u00f6llopsg\u00e4st:\u00a0\u201dJimmie avslutade bekantskapen med den h\u00e4r personen f\u00f6r ungef\u00e4r ett \u00e5r sedan.\u201d<\/p>\n<p>Visa mer<\/p>\n<p>Skandalen, som beskrivits som SD-ledarens st\u00f6rsta kris, ledde till skarp kritik och satte \u00e4n en g\u00e5ng fingret p\u00e5 det \u00e5terkommande samr\u00f6ret mellan SD och den kriminella mc-g\u00e4ngmilj\u00f6n.<\/p>\n<p>Men Expressen kan nu ber\u00e4tta att g\u00e4ngledaren inte var den ende som stack ut bland \u00c5kessons br\u00f6llopsg\u00e4ster.\u00a0<\/p>\n<p>En person som under l\u00e5ng tid har synts i n\u00e4rheten av SD:s ledning \u00e4r Fredrik Bermar.<\/p>\n<p>Han har en bakgrund som skribent f\u00f6r den extrema anti-kommunistiska tidskriften Contra, mest k\u00e4nd f\u00f6r dess grova hatkampanjer mot Olof Palme under mitten av 80-talet. Under fler \u00e5r arbetade han som f\u00f6rs\u00e4ljningschef p\u00e5 olika f\u00f6retag och har varit engagerad i fr\u00e5gor r\u00f6rande fastighetsbranschen.<\/p>\n<p><img loading=\"lazy\"   alt=\"\"\/><\/p>\n<p>Fastighetsmiljard\u00e4ren Erik Selin tillsammans med Fredrik Bermar p\u00e5 Jimmie \u00c5kessons br\u00f6llop 2024.<\/p>\n<p>Foto: JENS CHRISTIAN<\/p>\n<p>\u00d6ppna bild i helsk\u00e4rmUmg\u00e5tts med ledande SD-politiker<\/p>\n<p>2014 ans\u00f6kte Fredrik Bermar om medlemskap i <a href=\"https:\/\/www.expressen.se\/tagg\/organization\/sverigedemokraterna\/\" class=\"\" rel=\"nofollow noopener\" target=\"_blank\">Sverigedemokraterna<\/a>, men han ska f\u00f6r bekanta ha uppgett att han aldrig varit medlem. D\u00e4remot har han under m\u00e5nga \u00e5r ing\u00e5tt i den inre sociala kretsen runt flera av Sverigedemokraternas ledande rikspolitiker.<\/p>\n<p>N\u00e4r riksdagsledamoten Kent Ekeroth anm\u00e4ldes f\u00f6r <a href=\"https:\/\/www.expressen.se\/nyheter\/i-dag-faller-domen-mot-kent-ekeroth\/\" rel=\"nofollow noopener\" target=\"_blank\">misshandel utanf\u00f6r en nattklubb<\/a> i centrala Stockholm 2014, var Fredrik Bermar i hans s\u00e4llskap. Han vittnade ocks\u00e5 f\u00f6r polisen om Ekeroths oskuld och beskrev hur v\u00e4nnen ofta blev utsatt f\u00f6r hat och hot d\u00e5 de gick ut i Stockholms nattliv tillsammans.<\/p>\n<p>I Fredrik Bermars tidigare bostad, en 183 kvadratmeter stor vinterinredd sommarstuga p\u00e5 Tors\u00f6, alldeles intill V\u00e4nerns strand med egen stenpir och b\u00e5thus, har sverigedemokratiska toppnamn som Jimmie \u00c5kesson, partiveteranen, tidigare riksdagsledamoten och numera stabschefen Linus Bylund och riksdagsledamoten Jessica Stegrud deltagit p\u00e5 fester.<\/p>\n<p>N\u00e4rheten till SD:s yttersta partiledning syntes ocks\u00e5 tydligt n\u00e4r en gruppbild fr\u00e5n <a href=\"https:\/\/www.expressen.se\/nyheter\/sverige\/har-poserar-jimmie-akesson-pa-svensexan-jatteforvanad\/\" rel=\"nofollow noopener\" target=\"_blank\">Jimmie \u00c5kessons svensexa<\/a> f\u00f6r v\u00e4nkretsen och en utvald skara partifolk spreds en dryg vecka f\u00f6re br\u00f6llopet f\u00f6rra h\u00f6sten. Bland de n\u00e4rvarande fanns partih\u00f6jdare som kommunikationschefen Joakim Wallerstein och riksdagsledam\u00f6terna Mattias Karlsson och Martin Kinnunen. P\u00e5 bilden poserar de med skumgummisv\u00e4rd och Jimmie \u00c5kesson b\u00e4r kungakrona och mantel.<\/p>\n<p><img loading=\"lazy\"   alt=\"\"\/><\/p>\n<p>Fredrik Bermar tog platsen alldeles intill SD-ledaren Jimmie \u00c5kesson under svensexans officiella gruppbild.<\/p>\n<p>Foto: Johan Wifralius<\/p>\n<p>\u00d6ppna bild i helsk\u00e4rm\u00c5kessons svensexa<\/p>\n<p>I mitten av bilden, direkt till v\u00e4nster om Jimmie \u00c5kesson, st\u00e5r Fredrik Bermar. P\u00e5 Bermars axel vilar \u00c5kessonv\u00e4nnen och SD-toppen i G\u00f6teborg <a href=\"https:\/\/www.expressen.se\/gt\/sd-topp-kopplas-till-rasistkonto-tidigare-chef-sager-att-han-erkant-\/\" rel=\"nofollow noopener\" target=\"_blank\">J\u00f6rgen Fogelklous<\/a> hand.<\/p>\n<p>Annons<\/p>\n<p>\u2013 Jag har tr\u00e4ffat honom p\u00e5 n\u00e5gra privata tillst\u00e4llningar. Det \u00e4r v\u00e4l ungef\u00e4r allt. Han har v\u00e4l ingenting med partiet att g\u00f6ra tror jag, s\u00e4ger J\u00f6rgen Fogelklou.<\/p>\n<p>N\u00e4rheten till SD-ledaren bekr\u00e4ftades en kort tid senare n\u00e4r Bermar ocks\u00e5 n\u00e4rvarade p\u00e5 br\u00f6llopet. D\u00e5 syntes han vid fastighetsmiljard\u00e4ren och stor\u00e4garen av b\u00f6rsnoterade Balder <a href=\"https:\/\/www.expressen.se\/nyheter\/sverige\/miljardaren-erik-selin-den-diskrete-gasten-pa-akessons-brollop\/\" rel=\"nofollow noopener\" target=\"_blank\">Erik Selins sida<\/a>.<\/p>\n<p>Expressen har tagit del av en bild som \u00e4r tagen vid tiden f\u00f6r den nyligen avlidne h\u00f6gerextremisten <a href=\"https:\/\/www.expressen.se\/nyheter\/sverige\/hogerextrema-ledarna-mots-sorjer-doda-miljonaren-carl-lundstrom\/\" rel=\"nofollow noopener\" target=\"_blank\">Carl Lundstr\u00f6ms minnesstund<\/a> i G\u00f6teborg i april. P\u00e5 bilden h\u00e5ller Fredrik Bermar armarna om h\u00f6gerextremisten, den s\u00e5 kallade \u201df\u00f6rtalsombudsmannen\u201d Christian Peterson med ett f\u00f6rflutet i nazistiska och <a href=\"https:\/\/www.expressen.se\/kronikorer\/david-baas\/markligt-att-nmr-terrorklassas-forst-nu\/\" rel=\"nofollow noopener\" target=\"_blank\">terrorklassade NMR<\/a>, och den brittiske f\u00f6rl\u00e4ggaren Adam Irving.<\/p>\n<p>Fotot \u00e4r taget p\u00e5 en solig uteservering p\u00e5 Postgatan i centrala G\u00f6teborg. P\u00e5 bordet st\u00e5r glas med \u00f6l och vin.<\/p>\n<p><img loading=\"lazy\"   alt=\"\"\/><\/p>\n<p>Sex m\u00e5nader efter svensexan omfamnar Fredrik Bermar f\u00f6rl\u00e4ggaren bakom v\u00e4rldens mest \u00f6k\u00e4nde historierevisionist Adam Irving och h\u00f6gerextremisten Christian Peterson p\u00e5 en uteservering i centrala G\u00f6teborg.<\/p>\n<p>\u00d6ppna bild i helsk\u00e4rmD\u00f6md F\u00f6rintelsef\u00f6rnekare<\/p>\n<p>Adam Irving \u00e4r den \u00f6k\u00e4nde historierevisionisten David Irvings barnbarn, en av den internationella extremh\u00f6gern och organiserade antisemitismens viktigaste namn d\u00e5 han i decennier p\u00e5 p\u00e5st\u00e5dd vetenskaplig grund spridit historierevisionistiska id\u00e9er om F\u00f6rintelsen.<\/p>\n<p>I sina b\u00f6cker om Adolf Hitler och andra v\u00e4rldskriget drev David Irving av historievetenskapen i \u00f6vrigt vederlagda teorier om att nazistledaren inte var delaktig i besluten kring F\u00f6rintelsen och att gaskamrarna i F\u00f6rintelsel\u00e4ger som Auschwitz aldrig funnits. Han har d\u00f6mts av b\u00e5de tyska och \u00f6sterrikiska domstolar f\u00f6r historierevisionism. I \u00d6sterrike fick han avtj\u00e4na ett f\u00e4ngelsestraff f\u00f6r att i tal f\u00f6rnekat bland annat att gaskamrarna existerat.<\/p>\n<p><img loading=\"lazy\"   alt=\"\"\/><\/p>\n<p>David Irving i sitt vardagsrum i London 2000.<\/p>\n<p>Foto: PETTERI KOKKONEN<\/p>\n<p>\u00d6ppna bild i helsk\u00e4rm<\/p>\n<p>Barnbarnet Adam Irving driver sedan ett par \u00e5r vidare David Irvings bokf\u00f6rlag och ansvarar f\u00f6r nyutgivningar och f\u00f6rs\u00e4ljningar av hans b\u00f6cker, samtidigt som han arbetar med att offentligg\u00f6ra morfaderns stora arkiv med historierevisionistiskt material.<\/p>\n<p>Barnbarnet: Churchill ett monster<\/p>\n<p>I en intervju med poddaren Alexander \u201dGuldtand\u201d Sahlin som publicerades i augusti i \u00e5r ber\u00e4ttade Adam Irving att han \u00e5kte till G\u00f6teborg f\u00f6r att n\u00e4rvara p\u00e5 Carl Lundstr\u00f6ms minnesstund, d\u00e5 Lundstr\u00f6m och morfadern k\u00e4nde varandra och diskuterade m\u00f6jligheter f\u00f6r att historierevisionistens stora arkiv skulle tillg\u00e4ngligg\u00f6ras och bevaras f\u00f6r framtiden. Adam Irving ska dock inte ha hunnit fram till sj\u00e4lva minnesstunden d\u00e5 han blivit kvarh\u00e5llen i tullen vid inpasseringen till Sverige.<\/p>\n<p>B\u00e5de Alexander \u201dGuldtand\u201d Sahlin och Christian Peterson deltog p\u00e5 <a href=\"https:\/\/www.expressen.se\/nyheter\/sverige\/hogerextrema-ledarna-mots-sorjer-doda-miljonaren-carl-lundstrom\/\" rel=\"nofollow noopener\" target=\"_blank\">minnesstunden<\/a> f\u00f6r Lundstr\u00f6m.<\/p>\n<p>Annons<\/p>\n<p>I intervjun hyllar Adam Irving sin morfar och beskriver honom som den mest intelligenta man han tr\u00e4ffat. Han f\u00f6rsvarar morfaderns livsverk och menar att det denne f\u00f6r fram \u00e4r \u201d\u00f6vertygande\u201d.<\/p>\n<p>\u2013 Han var s\u00e5 h\u00e4ngiven sin forskning, s\u00e5 h\u00e4ngiven att g\u00e5 till botten med sanningen, s\u00e4ger Adam Irving och beskriver bland annat hans egets lands tidigare premi\u00e4rminister Winston Churchill som \u201dett monster\u201d i motsats till Adolf Hitler som hela tiden \u201df\u00f6rs\u00f6kte bli v\u00e4n med britterna och medvetet f\u00f6rs\u00f6kte undvika bomba civila m\u00e5l i Storbritannien\u201d samtidigt som Hitler f\u00f6rs\u00f6kte n\u00e5 fredsavtal ett 30-tal g\u00e5nger.<\/p>\n<p>En bild av kriget och dess akt\u00f6rer som \u00f6verensst\u00e4mmer med David Irvings historierevisionistiska biografier \u00f6ver b\u00e5de Churchill och Hitler.<\/p>\n<p><img loading=\"lazy\"   alt=\"\"\/><\/p>\n<p>Sverigedemokraternas pressavdelning skriver att Jimmie \u00c5kesson avslutat bekantskapen med Fredrik Bermar.<\/p>\n<p>Foto: Pontus Lundahl\/TT NYHETSBYR\u00c5N<\/p>\n<p>\u00d6ppna bild i helsk\u00e4rmSD: \u201dJimmie avslutade bekantskapen\u201d\u00a0<\/p>\n<p>Expressen har s\u00f6kt SD-ledaren Jimmie \u00c5kesson med fr\u00e5gor om hur han ser p\u00e5 sin br\u00f6llopsg\u00e4st Fredrik Bermars samr\u00f6re med extremister. Partiets pressavdelning skriver i en kommentar:<\/p>\n<p>\u201dJimmie avslutade bekantskapen med den h\u00e4r personen f\u00f6r ungef\u00e4r ett \u00e5r sedan, med anledning av att personens allm\u00e4nna beteende f\u00f6r\u00e4ndrades kraftigt. Vem personen umg\u00e5s med idag, eller dennes \u00f6vriga f\u00f6rehavanden, har Jimmie vare sig n\u00e5gon aning om eller k\u00e4nner n\u00e5got ansvar f\u00f6r.\u201d<\/p>\n<p>Expressen har varit i kontakt med Adam Irving som f\u00f6rst s\u00e4ger sig vilja st\u00e4lla upp p\u00e5 en intervju, men sedan ber att f\u00e5 fr\u00e5gorna skriftligt \u2013\u00a0och d\u00e5 inte l\u00e4ngre g\u00f6r sig tillg\u00e4nglig. Vi har ocks\u00e5 under en l\u00e4ngre tid s\u00f6kt Fredrik Bermar som tagit del av v\u00e5ra fr\u00e5gor, men inte \u00e5terkommit.<\/p>\n<p>Vi har s\u00f6kt Christian Peterson. N\u00e4r vi n\u00e5r honom och presenterar v\u00e5rt syfte, avslutar han samtalet.<\/p>\n<p><strong>L\u00c4S MER: <\/strong><a href=\"https:\/\/www.expressen.se\/nyheter\/sverige\/hogerextrema-ledarna-mots-sorjer-doda-miljonaren-carl-lundstrom\/\" class=\"\" rel=\"nofollow noopener\" target=\"_blank\">H\u00f6gerextrema ledarna m\u00f6ts \u2013 s\u00f6rjer d\u00f6da miljon\u00e4ren Carl Lundstr\u00f6m<\/a><strong>L\u00c4S MER: <\/strong><a href=\"https:\/\/www.expressen.se\/nyheter\/sverige\/gangtoppen-robert-hedarv-pa-jimmie-akessons-brollop\/\" class=\"\" rel=\"nofollow noopener\" target=\"_blank\">G\u00e4ngtoppen Robert Hedarv p\u00e5 Jimmie \u00c5kessons br\u00f6llop<\/a><\/p>\n","protected":false},"excerpt":{"rendered":"Fredrik Bermar, 51, poserade med Jimmie \u00c5kesson p\u00e5 SD-ledarens svensexa och var senare ocks\u00e5 g\u00e4st p\u00e5 hans br\u00f6llop.&hellip;\n","protected":false},"author":2,"featured_media":57606,"comment_status":"","ping_status":"","sticky":false,"template":"","format":"standard","meta":{"footnotes":""},"categories":[12],"tags":[22,23,26,27,17,21,24,25,28,29,15,16,38,944,18,34,583,31,33,32,30,19,20],"class_list":{"0":"post-57605","1":"post","2":"type-post","3":"status-publish","4":"format-standard","5":"has-post-thumbnail","7":"category-sverige","8":"tag-breaking-news","9":"tag-breakingnews","10":"tag-featured-news","11":"tag-featurednews","12":"tag-headlines","13":"tag-huvudnyheter","14":"tag-latest-news","15":"tag-latestnews","16":"tag-main-news","17":"tag-mainnews","18":"tag-news","19":"tag-nyheter","20":"tag-organization-sverigedemokraterna","21":"tag-person-jimmie-akesson","22":"tag-rubriker","23":"tag-se","24":"tag-sections-politik","25":"tag-svenska","26":"tag-sverige","27":"tag-sweden","28":"tag-swedish","29":"tag-top-stories","30":"tag-topstories"},"share_on_mastodon":{"url":"","error":""},"_links":{"self":[{"href":"https:\/\/www.europesays.com\/se\/wp-json\/wp\/v2\/posts\/57605","targetHints":{"allow":["GET"]}}],"collection":[{"href":"https:\/\/www.europesays.com\/se\/wp-json\/wp\/v2\/posts"}],"about":[{"href":"https:\/\/www.europesays.com\/se\/wp-json\/wp\/v2\/types\/post"}],"author":[{"embeddable":true,"href":"https:\/\/www.europesays.com\/se\/wp-json\/wp\/v2\/users\/2"}],"replies":[{"embeddable":true,"href":"https:\/\/www.europesays.com\/se\/wp-json\/wp\/v2\/comments?post=57605"}],"version-history":[{"count":0,"href":"https:\/\/www.europesays.com\/se\/wp-json\/wp\/v2\/posts\/57605\/revisions"}],"wp:featuredmedia":[{"embeddable":true,"href":"https:\/\/www.europesays.com\/se\/wp-json\/wp\/v2\/media\/57606"}],"wp:attachment":[{"href":"https:\/\/www.europesays.com\/se\/wp-json\/wp\/v2\/media?parent=57605"}],"wp:term":[{"taxonomy":"category","embeddable":true,"href":"https:\/\/www.europesays.com\/se\/wp-json\/wp\/v2\/categories?post=57605"},{"taxonomy":"post_tag","embeddable":true,"href":"https:\/\/www.europesays.com\/se\/wp-json\/wp\/v2\/tags?post=57605"}],"curies":[{"name":"wp","href":"https:\/\/api.w.org\/{rel}","templated":true}]}}