{"id":57621,"date":"2025-10-17T06:46:28","date_gmt":"2025-10-17T06:46:28","guid":{"rendered":"https:\/\/www.europesays.com\/se\/57621\/"},"modified":"2025-10-17T06:46:28","modified_gmt":"2025-10-17T06:46:28","slug":"salde-for-12-miljoner-pa-en-timme-ko-i-10-timmar","status":"publish","type":"post","link":"https:\/\/www.europesays.com\/se\/57621\/","title":{"rendered":"S\u00e5lde f\u00f6r 1,2 miljoner p\u00e5 en timme &#8211; k\u00f6 i 10 timmar"},"content":{"rendered":"<p>Klockan sju i morse \u00f6ppnade d\u00f6rrarna, men en del kunder hade d\u00e5 redan v\u00e4ntat i upp till tio timmar. Och intresset ska ha visat sig i\u00a0f\u00f6rs\u00e4ljningen.<\/p>\n<p>Enligt vd:n Magnus Kreuger s\u00e5lde varuhuset f\u00f6r 1,2 miljoner kronor under den f\u00f6rsta timmen. Det rapporterar Market.<\/p>\n<p>Bakgrunden till \u00f6ppningen \u00e4r den strategi som Power presenterade tidigare i veckan. F\u00f6retaget har byggt om varuhuset f\u00f6r att b\u00e4ttre kunna hantera kunder som handlar online och v\u00e4ljer att h\u00e4mta i butik.<\/p>\n<blockquote>\n<p>Jag tror stenh\u00e5rt p\u00e5 den fysiska butiken och det merv\u00e4rde den erbjuder v\u00e5ra kunder, <a href=\"https:\/\/www.ehandel.se\/elektronikjattens-butik-loser-e-handelns-problem-skyddar-sig-mot-skurkarna\" rel=\"nofollow noopener\" target=\"_blank\">sade Magnus Kreuger, vd p\u00e5 Power Sverige, i tisdags<\/a>.<\/p>\n<\/blockquote>\n<p>En del av strategin \u00e4r ocks\u00e5 att &#8221;koppla ihop produktk\u00f6p med digitala tj\u00e4nster&#8221;, som avtal f\u00f6r exempelvis ID-st\u00f6ldf\u00f6rs\u00e4kring och internets\u00e4kerhet.<\/p>\n","protected":false},"excerpt":{"rendered":"Klockan sju i morse \u00f6ppnade d\u00f6rrarna, men en del kunder hade d\u00e5 redan v\u00e4ntat i upp till tio&hellip;\n","protected":false},"author":2,"featured_media":57622,"comment_status":"","ping_status":"","sticky":false,"template":"","format":"standard","meta":{"footnotes":""},"categories":[65],"tags":[72,70,71,5494,5495,5410,34,31,33,32,30],"class_list":{"0":"post-57621","1":"post","2":"type-post","3":"status-publish","4":"format-standard","5":"has-post-thumbnail","7":"category-ekonomi","8":"tag-business","9":"tag-economy","10":"tag-ekonomi","11":"tag-heron-city","12":"tag-omni","13":"tag-power","14":"tag-se","15":"tag-svenska","16":"tag-sverige","17":"tag-sweden","18":"tag-swedish"},"share_on_mastodon":{"url":"","error":""},"_links":{"self":[{"href":"https:\/\/www.europesays.com\/se\/wp-json\/wp\/v2\/posts\/57621","targetHints":{"allow":["GET"]}}],"collection":[{"href":"https:\/\/www.europesays.com\/se\/wp-json\/wp\/v2\/posts"}],"about":[{"href":"https:\/\/www.europesays.com\/se\/wp-json\/wp\/v2\/types\/post"}],"author":[{"embeddable":true,"href":"https:\/\/www.europesays.com\/se\/wp-json\/wp\/v2\/users\/2"}],"replies":[{"embeddable":true,"href":"https:\/\/www.europesays.com\/se\/wp-json\/wp\/v2\/comments?post=57621"}],"version-history":[{"count":0,"href":"https:\/\/www.europesays.com\/se\/wp-json\/wp\/v2\/posts\/57621\/revisions"}],"wp:featuredmedia":[{"embeddable":true,"href":"https:\/\/www.europesays.com\/se\/wp-json\/wp\/v2\/media\/57622"}],"wp:attachment":[{"href":"https:\/\/www.europesays.com\/se\/wp-json\/wp\/v2\/media?parent=57621"}],"wp:term":[{"taxonomy":"category","embeddable":true,"href":"https:\/\/www.europesays.com\/se\/wp-json\/wp\/v2\/categories?post=57621"},{"taxonomy":"post_tag","embeddable":true,"href":"https:\/\/www.europesays.com\/se\/wp-json\/wp\/v2\/tags?post=57621"}],"curies":[{"name":"wp","href":"https:\/\/api.w.org\/{rel}","templated":true}]}}