{"id":57674,"date":"2025-10-17T07:56:09","date_gmt":"2025-10-17T07:56:09","guid":{"rendered":"https:\/\/www.europesays.com\/se\/57674\/"},"modified":"2025-10-17T07:56:09","modified_gmt":"2025-10-17T07:56:09","slug":"hakan-sodergren-klar-for-os-blir-expert-i-hbo-max-tre-kronor","status":"publish","type":"post","link":"https:\/\/www.europesays.com\/se\/57674\/","title":{"rendered":"H\u00e5kan S\u00f6dergren klar f\u00f6r OS \u2013 blir expert i HBO Max | Tre Kronor"},"content":{"rendered":"<p>Publicerad 17 okt 2025 kl 07.00Uppdaterad kl 07.59<\/p>\n<p>H\u00e5kan S\u00f6dergren, 66, \u00e5terv\u00e4nder till tv-rutan.<\/p>\n<p>Hockeyexperten \u00e4r klar f\u00f6r OS-s\u00e4ndningarna i HBO Max.<\/p>\n<p>\u2013 Det finns ju vissa grejer man inte kan tacka nej till, s\u00e4ger han.\u00a0<\/p>\n<p><img   alt=\"\"\/><\/p>\n<p>H\u00e5kan S\u00f6dergren, 66.<\/p>\n<p>Foto: MAXIM THORE \/ BILDBYR\u00c5N<\/p>\n<p>\u00d6ppna bild i helsk\u00e4rm<\/p>\n<p>F\u00f6r \u00e5tta m\u00e5nader sedan var beskedet klart och tydligt.\u00a0<\/p>\n<p>Hockey-VM i Globen i maj skulle bli H\u00e5kan S\u00f6dergrens sista framtr\u00e4dande i tv-rutan.<\/p>\n<p>\u2013 Man kommer inte se mig i tv igen, det \u00e4r s\u00e4kert, sa<a href=\"https:\/\/www.expressen.se\/sport\/hockey\/tre-kronor\/hakan-sodergren-slutar-man-kommer-inte-se-mig-i-tv-igen\/\" rel=\"nofollow noopener\" target=\"_blank\"> han inf\u00f6r avskedet d\u00e5.<\/a><\/p>\n<p>N\u00e5gra m\u00e5nader senare, mellan de m\u00e5nga golfrundorna, ringde det i H\u00e5kan S\u00f6dergrens telefon.\u00a0<\/p>\n<p>Det var streamingtj\u00e4nsten HBO Max som h\u00f6rde sig f\u00f6r om S\u00f6dergrens tj\u00e4nster under OS i Milano och Cortina 2026.<\/p>\n<p>\u2013 Jag trodde v\u00e4l inte att n\u00e5gon skulle vara intresserad av att ha mig i rutan. Jag har ju gjort s\u00e5 mycket, s\u00e4ger den m\u00e5ng\u00e5rige expertkommentatorn.<\/p>\n<p><strong>S\u00e5 du blev f\u00f6rv\u00e5nad n\u00e4r de h\u00f6rde av sig?<\/strong><\/p>\n<p>\u2013 Mycket, mycket f\u00f6rv\u00e5nad. Jag hade inte sett det framf\u00f6r mig \u00f6verhuvudtaget. S\u00e5 det var en k\u00e4nsla av \u201dwow, vad kul!\u201d Jag k\u00e4nde att h\u00e4r m\u00e5ste man ta tillf\u00e4llet i akt. Det finns ju vissa grejer man inte kan tacka nej till.\u00a0<\/p>\n<p><img loading=\"lazy\"   alt=\"\"\/><\/p>\n<p>H\u00e5kan S\u00f6dergren ska kommentera OS-hockeyn f\u00f6r HBO Max.<\/p>\n<p>Foto: SIMON HASTEG\u00c5RD \/ BILDBYR\u00c5N<\/p>\n<p>\u00d6ppna bild i helsk\u00e4rmS\u00f6ker revansch tolv \u00e5r senare<\/p>\n<p>OS \u00e4r en s\u00e5dan sak man inte tackar nej till, menar S\u00f6dergren. Inte ens om man tagit avsked fr\u00e5n tv-rutan ett par m\u00e5nader tidigare.<\/p>\n<p><strong>De beh\u00f6vde allts\u00e5 inte marknadsf\u00f6ra OS allt f\u00f6r mycket?<\/strong><\/p>\n<p>\u2013 Nej d\u00e5, f\u00f6r sjutton. Och det finns flera sk\u00e4l till det.<\/p>\n<p>Ut\u00f6ver den givna magnituden av ett olympiskt spel, pekar S\u00f6dergren p\u00e5 det faktum att han faktiskt kommer att f\u00e5 kommentera matcherna p\u00e5 plats i Milano.\u00a0<\/p>\n<p>S\u00e5 s\u00e4nds OS i Milano och Cortina 2026<\/p>\n<p>Vinter-OS i Milano och Cortina 2026 kommer att s\u00e4ndas i b\u00e5de SVT och TV4.\u00a0<\/p>\n<p>SVT och TV4 delar p\u00e5 fri-tv-r\u00e4ttigheterna, medan HBO Max \u00e4ger betal-tv-r\u00e4ttigheterna i Sverige och i hela Europa, som de gjort under de senaste spelen.\u00a0<\/p>\n<p><strong>SVT: <\/strong>Alpint, Backhoppning Curling, herrar och mixed, Ishockey, dam och herr (delas med TV4), Konst\u00e5kning, L\u00e4ngdskidor, Nordisk kombination, Puckelpist, Short track, Skeleton, Skridsko<\/p>\n<p><strong>TV4: <\/strong>Curling, damer, Bob, Freestyle, Ishockey, dam och herr (delas med SVT), Rodel, Skicross, Skidalpinism, Skidskytte, Snowboard<\/p>\n<p><strong>HBO Max: <\/strong>S\u00e4nder samtliga idrotter under OS i Milano och Cortina 2026.<\/p>\n<p>Visa mer<\/p>\n<p>Han k\u00e4nner ocks\u00e5 ett visst uns av revanschlust.\u00a0<\/p>\n<p>\u2013 Jag gjorde OS i Sotji 2014 f\u00f6r Viaplay. Det var ett fantastiskt OS. Det var samma f\u00f6ruts\u00e4ttningar som det kommer att vara nu. Alla de b\u00e4sta spelarna \u00e4r med. Det \u00e4r den b\u00e4sta turneringen man kan uppbringa&#8230; b\u00f6rjar S\u00f6dergren.<\/p>\n<p>Men. Det fanns ett men.<\/p>\n<p>Inf\u00f6r OS-finalen mellan <a href=\"https:\/\/www.expressen.se\/tagg\/organization\/tre-kronor\/\" class=\"\" rel=\"nofollow noopener\" target=\"_blank\">Tre Kronor<\/a> och Kanada st\u00e4ngdes Nicklas B\u00e4ckstr\u00f6m av f\u00f6r doping, vilket han senare friades fr\u00e5n.<\/p>\n<p>\u2013 Det k\u00e4ndes lite beskt efter\u00e5t. Det blev inte avgjort p\u00e5 de premisser som allt var uppbyggt f\u00f6r. Sedan dess har jag g\u00e5tt och varit lite sm\u00e5sur och t\u00e4nkt p\u00e5 det d\u00e4r: \u201dfan, det k\u00e4ndes inte riktigt som det skulle\u201d. Det var ocks\u00e5 en anledning till att jag tackade ja till det h\u00e4r.<\/p>\n<p><a href=\"https:\/\/www.expressen.se\/sport\/fotboll\/allsvenskan\/sa-blir-framtiden-for-allsvenska-tv-profilerna\/\" rel=\"nofollow noopener\" target=\"_blank\">Enligt Expressens uppgifter<\/a> \u00e4r \u00e4ven programledaren Tommy \u00c5str\u00f6m klar f\u00f6r OS. \u00c5str\u00f6m, som gjort ett flertal OS p\u00e5 plats, blir kvar p\u00e5 HBO Max f\u00f6r att arbeta med deras s\u00e4ndningar fr\u00e5n Milano och Cortina-OS 2026.<\/p>\n<p>S\u00f6dergren siar om Sveriges OS-chanser<\/p>\n<p><strong>Tre Kronor\u00a0<\/strong><\/p>\n<p>\u2013 Ett OS-guld vore det yttersta. Men vi ska inte f\u00f6rv\u00e4nta oss ett Sverige som g\u00e5r in som favoriter. Man g\u00e5r inte som underdogs. Jag gillar n\u00e4r Tre Kronor har den positionen, i st\u00e4llet f\u00f6r att kliva in som favoriter och tro att man ska dominera. F\u00f6r mig har svensk landslagshockey alltid handlat om att sl\u00e5 ur underl\u00e4ge, vara f\u00f6rsvarsinriktad och ha bra individuella spelare med fantastiska m\u00e5lvakter. Sen \u00e4r OS en j\u00e4kligt kort turnering. Det g\u00e5r fort, va. Man m\u00e5ste ha gjort jobbet innan.\u00a0<\/p>\n<p><strong>Tre Kronor Dam<\/strong><\/p>\n<p>\u2013 Damerna har en annan position. USA och Kanada \u00e4r f\u00f6r dominerande. H\u00e4r g\u00e4ller det att sikta in sig p\u00e5 bronsmedaljen. Har man en m\u00f6jlighet att nosa p\u00e5 bronset, s\u00e5 \u00e4r det att likst\u00e4lla med ett OS-guld p\u00e5 herrsidan. Men sen finns tjeckiskorna och finskorna som fortfarande \u00e4r bra. Schweiz har ocks\u00e5 dykt upp, s\u00e5 d\u00e4r f\u00e5r man se upp.\u00a0<\/p>\n<p>Visa mer<\/p>\n","protected":false},"excerpt":{"rendered":"Publicerad 17 okt 2025 kl 07.00Uppdaterad kl 07.59 H\u00e5kan S\u00f6dergren, 66, \u00e5terv\u00e4nder till tv-rutan. Hockeyexperten \u00e4r klar f\u00f6r&hellip;\n","protected":false},"author":2,"featured_media":57675,"comment_status":"","ping_status":"","sticky":false,"template":"","format":"standard","meta":{"footnotes":""},"categories":[68],"tags":[210,1176,1169,34,255,4674,111,110,31,33,32,30],"class_list":{"0":"post-57674","1":"post","2":"type-post","3":"status-publish","4":"format-standard","5":"has-post-thumbnail","7":"category-sport","8":"tag-organization-hbo-max","9":"tag-organization-os","10":"tag-organization-tre-kronor","11":"tag-se","12":"tag-sections-ishockey","13":"tag-sections-trekronor","14":"tag-sport","15":"tag-sports","16":"tag-svenska","17":"tag-sverige","18":"tag-sweden","19":"tag-swedish"},"share_on_mastodon":{"url":"","error":""},"_links":{"self":[{"href":"https:\/\/www.europesays.com\/se\/wp-json\/wp\/v2\/posts\/57674","targetHints":{"allow":["GET"]}}],"collection":[{"href":"https:\/\/www.europesays.com\/se\/wp-json\/wp\/v2\/posts"}],"about":[{"href":"https:\/\/www.europesays.com\/se\/wp-json\/wp\/v2\/types\/post"}],"author":[{"embeddable":true,"href":"https:\/\/www.europesays.com\/se\/wp-json\/wp\/v2\/users\/2"}],"replies":[{"embeddable":true,"href":"https:\/\/www.europesays.com\/se\/wp-json\/wp\/v2\/comments?post=57674"}],"version-history":[{"count":0,"href":"https:\/\/www.europesays.com\/se\/wp-json\/wp\/v2\/posts\/57674\/revisions"}],"wp:featuredmedia":[{"embeddable":true,"href":"https:\/\/www.europesays.com\/se\/wp-json\/wp\/v2\/media\/57675"}],"wp:attachment":[{"href":"https:\/\/www.europesays.com\/se\/wp-json\/wp\/v2\/media?parent=57674"}],"wp:term":[{"taxonomy":"category","embeddable":true,"href":"https:\/\/www.europesays.com\/se\/wp-json\/wp\/v2\/categories?post=57674"},{"taxonomy":"post_tag","embeddable":true,"href":"https:\/\/www.europesays.com\/se\/wp-json\/wp\/v2\/tags?post=57674"}],"curies":[{"name":"wp","href":"https:\/\/api.w.org\/{rel}","templated":true}]}}