{"id":57689,"date":"2025-10-17T08:12:13","date_gmt":"2025-10-17T08:12:13","guid":{"rendered":"https:\/\/www.europesays.com\/se\/57689\/"},"modified":"2025-10-17T08:12:13","modified_gmt":"2025-10-17T08:12:13","slug":"dif-malvaktens-tunga-kvall-lider-med-honom","status":"publish","type":"post","link":"https:\/\/www.europesays.com\/se\/57689\/","title":{"rendered":"DIF-m\u00e5lvaktens tunga kv\u00e4ll: &#8221;Lider med honom&#8221;"},"content":{"rendered":"<p><strong><a href=\"https:\/\/hockeysverige.se\/spelare\/hugo-havelid\" rel=\"nofollow noopener\" target=\"_blank\">Hugo H\u00e4velid<\/a> har f\u00e5tt en tuff s\u00e4songsstart i <a href=\"https:\/\/hockeysverige.se\/shl\" rel=\"nofollow noopener\" target=\"_blank\">SHL<\/a> med <a href=\"https:\/\/hockeysverige.se\/klubb\/djurgardens-if-hockey\" rel=\"nofollow noopener\" target=\"_blank\">Djurg\u00e5rden<\/a>. <br \/>I kv\u00e4ll sl\u00e4ppte m\u00e5lvakten in sju m\u00e5l och han har nu bara 79 i r\u00e4ddningsprocent. <br \/>\u2013 Det \u00e4r n\u00e5gra m\u00e5l som han ska kunna ta i den h\u00e4r matchen, s\u00e4ger TV4-experten Sanny Lindstr\u00f6m. <br \/>\u2013 Jag lider med honom, det \u00e4r en ung kille. Det \u00e4r inte kul att se, s\u00e4ger SVT-experten Jonas Andersson. <\/strong><\/p>\n<p><img loading=\"lazy\" decoding=\"async\" width=\"1024\" height=\"658\" src=\"https:\/\/www.europesays.com\/se\/wp-content\/uploads\/2025\/10\/Hugo-Havelid-1024x658.webp.webp\" alt=\"Hugo H\u00e4velid.\" class=\"wp-image-314673\"  \/>Hugo H\u00e4velid har inte f\u00e5tt n\u00e5gon rolig start p\u00e5 s\u00e4songen. <strong>Foto: <\/strong>David Wreland\/Bildbyr\u00e5n<\/p>\n<p>Inf\u00f6r matchen mot <a href=\"https:\/\/hockeysverige.se\/klubb\/hv71\" rel=\"nofollow noopener\" target=\"_blank\">HV71<\/a> stod det klart att Djurg\u00e5rden skulle f\u00e5 klara sig utan toppm\u00e5lvakten <a href=\"https:\/\/hockeysverige.se\/spelare\/magnus-hellberg\" rel=\"nofollow noopener\" target=\"_blank\">Magnus Hellberg<\/a> som saknades p\u00e5 grund av sjukdom. D\u00e5 fick Hugo H\u00e4velid hoppa in mellan stolparna och g\u00f6ra sin blott tredje start f\u00f6r s\u00e4songen. <\/p>\n<p>Det blev d\u00e4remot en tuff match f\u00f6r H\u00e4velid och Djurg\u00e5rden. Efter flera defensiva misstag kunde HV71 vinna med hela 7-3. <\/p>\n<p>Efter matchen var tr\u00e4naren Robert Kimby inte n\u00f6jd med insatsen \u00e4ven om han h\u00f6ll tillbaka i sin kritik mot lagets spel. <\/p>\n<p>\u2013 De f\u00e5r vinna lite f\u00f6r enkelt. Det \u00e4r en j\u00e4mn f\u00f6rsta period men sedan biter vi oss sj\u00e4lva i arslet. Det \u00e4r f\u00f6r m\u00e5nga turnovers som de kan g\u00f6ra m\u00e5l p\u00e5. Sedan drar vi p\u00e5 oss f\u00f6r m\u00e5nga utvisningar ikv\u00e4ll, disciplinen beh\u00f6ver vara b\u00e4ttre. Det blir en sv\u00e5r match f\u00f6r oss n\u00e4r momentum springer ifr\u00e5n och vi tappar energi. \u00d6verlag hade jag velat att vi gjorde s\u00e5 att de fick slita lite h\u00e5rdare f\u00f6r det, s\u00e4ger Kimby p\u00e5 presskonferensen. <\/p>\n<p>Veteranen Jacob Josefson uttrycker en frustration \u00f6ver insatsen i Husqvarna Garden under torsdagskv\u00e4llen. <\/p>\n<p>\u2013 Nu \u00e4r man lite irriterad och besviken, s\u00e4ger Josefson och forts\u00e4tter: <br \/>\u2013 Vi f\u00e5r f\u00f6rs\u00f6ka d\u00f6da de utvisningarna som vi f\u00e5r. Det \u00e4r inte tillr\u00e4ckligt bra av oss. Generellt tycker jag att vi slarvar med pucken i andra perioden, tappar den i mittzon och p\u00e5 offensiva bl\u00e5 och de f\u00e5r sk\u00f6lja \u00f6ver oss och kontra. Vi spelar matchen rakt i deras h\u00e4nder. De f\u00e5r momentum i st\u00e4llet f\u00f6r att vi dikterar spelet med pucken. Vi har lite att l\u00e4ra d\u00e4r och det m\u00e5ste vi st\u00e4da upp.<\/p>\n<p>Hugo H\u00e4velid har f\u00e5tt en tung start i SHL<\/p>\n<p>Det har varit minst sagt tufft f\u00f6r Hugo H\u00e4velid i starten av \u00e5rets SHL-s\u00e4song. P\u00e5 fyra matcher, varav tre starter, har han sl\u00e4ppt in hela 19 m\u00e5l. Han har d\u00e4rmed en r\u00e4ddningsprocent p\u00e5 79,1 och snittar n\u00e4stan sex (!) insl\u00e4ppta m\u00e5l per match. <\/p>\n<p>I SVT:s <a href=\"https:\/\/www.svtplay.se\/video\/e2dPqr3\/hockeykvall\/slaget-om-skane\" rel=\"nofollow noopener\" target=\"_blank\">Hockeykv\u00e4ll<\/a> menar experterna Jonas Andersson och H\u00e5kan Loob att de tycker synd om m\u00e5lvakten. <\/p>\n<p>\u2013 Det har inte g\u00e5tt alls. Tre starter, noll vinster och under 80 i r\u00e4ddningsprocent. Jag lider med honom, det \u00e4r en ung kille. Det \u00e4r inte kul att se, s\u00e4ger Andersson. <br \/>\u2013 Det \u00e4r ju tufft n\u00e4r det \u00e4r en nykomling. Hellberg blir sjuk och s\u00e5 f\u00e5r han hoppa in och f\u00e5r allting p\u00e5 sina axlar. Det \u00e4r tufft att b\u00e4ra, s\u00e4ger Loob. <\/p>\n<p>TV4-experten Sanny Lindstr\u00f6m s\u00e4ger i <a href=\"https:\/\/www.tv4play.se\/program\/f0082e46e06ebbb2a8cb\/hockeytorsdag-brynas-if-leksands-if\" rel=\"nofollow noopener\" target=\"_blank\">\u201dHockeytorsdag\u201d<\/a> att han tycker att Djurg\u00e5rden borde agera p\u00e5 marknaden efter H\u00e4velids tunga start. <\/p>\n<p>\u2013 Vi f\u00e5r inte blunda f\u00f6r det faktum att Djurg\u00e5rden har inte Magnus Hellberg i m\u00e5l. Vi f\u00e5r vara \u00e4rliga att s\u00e4ga att Djurg\u00e5rden med H\u00e4velid i m\u00e5l ges inte riktigt chansen att vinna. Sedan \u00e4r det f\u00f6rsvarsm\u00e4ssigt svagt ocks\u00e5 men det \u00e4r n\u00e5gra m\u00e5l som han \u00e4nd\u00e5 ska kunna ta i den h\u00e4r matchen. De f\u00e5r inte riktigt den h\u00e4r tryggheten och s\u00e4kerheten som du f\u00e5r med Hellberg. Det blir ganska uppenbart med H\u00e4velid. Hade jag ikl\u00e4tt mig Niklas Wikeg\u00e5rds roll hade jag ringt till <a href=\"https:\/\/hockeysverige.se\/spelare\/mantas-armalis\" rel=\"nofollow noopener\" target=\"_blank\">Mantas Armalis<\/a> och fr\u00e5gat hur sugen han \u00e4r p\u00e5 att komma och hj\u00e4lpa oss, s\u00e4ger Sanny Lindstr\u00f6m och forts\u00e4tter: <br \/>\u2013 H\u00e4velid kan bli en bra m\u00e5lvakt p\u00e5 sikt men han beh\u00f6ver spela matcher. D\u00e5 kanske det \u00e4r ett perfekt l\u00e4ge att g\u00e5 till <a href=\"https:\/\/hockeysverige.se\/hockeyallsvenskan\" rel=\"nofollow noopener\" target=\"_blank\">HockeyAllsvenskan<\/a> och v\u00e4xa ytterligare. Nu \u00e4r l\u00e4get tufft n\u00e4r han bara f\u00e5r n\u00e5gra f\u00e5 matcher.<\/p>\n<p>P\u00e5 l\u00f6rdag spelar Djurg\u00e5rden hemma mot Bryn\u00e4s p\u00e5 Hovet. Det \u00e5terst\u00e5r att se om Magnus Hellberg \u00e4r \u00e5terst\u00e4lld och spelar i den matchen, eller om Hugo H\u00e4velid f\u00e5r fortsatt f\u00f6rtroende mellan stolparna. <\/p>\n<p> Source: <a href=\"https:\/\/www.eliteprospects.com\/player\/578759\/hugo-havelid\" target=\"_blank\" rel=\"noopener noreferrer nofollow\">Hugo H\u00e4velid<\/a> @ Elite Prospects<\/p>\n","protected":false},"excerpt":{"rendered":"Hugo H\u00e4velid har f\u00e5tt en tuff s\u00e4songsstart i SHL med Djurg\u00e5rden. I kv\u00e4ll sl\u00e4ppte m\u00e5lvakten in sju m\u00e5l&hellip;\n","protected":false},"author":2,"featured_media":57690,"comment_status":"","ping_status":"","sticky":false,"template":"","format":"standard","meta":{"footnotes":""},"categories":[68],"tags":[34,133,134,111,110,31,33,32,30],"class_list":{"0":"post-57689","1":"post","2":"type-post","3":"status-publish","4":"format-standard","5":"has-post-thumbnail","7":"category-sport","8":"tag-se","9":"tag-second-news","10":"tag-shl","11":"tag-sport","12":"tag-sports","13":"tag-svenska","14":"tag-sverige","15":"tag-sweden","16":"tag-swedish"},"share_on_mastodon":{"url":"","error":""},"_links":{"self":[{"href":"https:\/\/www.europesays.com\/se\/wp-json\/wp\/v2\/posts\/57689","targetHints":{"allow":["GET"]}}],"collection":[{"href":"https:\/\/www.europesays.com\/se\/wp-json\/wp\/v2\/posts"}],"about":[{"href":"https:\/\/www.europesays.com\/se\/wp-json\/wp\/v2\/types\/post"}],"author":[{"embeddable":true,"href":"https:\/\/www.europesays.com\/se\/wp-json\/wp\/v2\/users\/2"}],"replies":[{"embeddable":true,"href":"https:\/\/www.europesays.com\/se\/wp-json\/wp\/v2\/comments?post=57689"}],"version-history":[{"count":0,"href":"https:\/\/www.europesays.com\/se\/wp-json\/wp\/v2\/posts\/57689\/revisions"}],"wp:featuredmedia":[{"embeddable":true,"href":"https:\/\/www.europesays.com\/se\/wp-json\/wp\/v2\/media\/57690"}],"wp:attachment":[{"href":"https:\/\/www.europesays.com\/se\/wp-json\/wp\/v2\/media?parent=57689"}],"wp:term":[{"taxonomy":"category","embeddable":true,"href":"https:\/\/www.europesays.com\/se\/wp-json\/wp\/v2\/categories?post=57689"},{"taxonomy":"post_tag","embeddable":true,"href":"https:\/\/www.europesays.com\/se\/wp-json\/wp\/v2\/tags?post=57689"}],"curies":[{"name":"wp","href":"https:\/\/api.w.org\/{rel}","templated":true}]}}