{"id":57695,"date":"2025-10-17T08:20:14","date_gmt":"2025-10-17T08:20:14","guid":{"rendered":"https:\/\/www.europesays.com\/se\/57695\/"},"modified":"2025-10-17T08:20:14","modified_gmt":"2025-10-17T08:20:14","slug":"aleksandra-omelaniuk-ar-stjarna-i-evs-och-officer-i-polen","status":"publish","type":"post","link":"https:\/\/www.europesays.com\/se\/57695\/","title":{"rendered":"Aleksandra Omelaniuk \u00e4r stj\u00e4rna i EVS och officer i Polen"},"content":{"rendered":"<p>Fjol\u00e5rss\u00e4songen i \u00f6sterrikiska Klagenfurt blev n\u00e5got av en besvikelse.<\/p>\n<p>Aleksandra Omelaniuk b\u00f6rjade snegla mot hyllan d\u00e4r skorna en dag kommer stationeras.<\/p>\n<p>Men n\u00e5got gnagde inombords: ett sista driv.<\/p>\n<p>\u2013 Jag funderade p\u00e5 att skaffa ett jobb. D\u00e5 s\u00e5g jag att EVS hade stora problem f\u00f6rra s\u00e4songen. Jag ber om urs\u00e4kt, men att sluta femma var en skam f\u00f6r klubben, s\u00e4ger 27-\u00e5ringen.<\/p>\n<p>I st\u00e4llet f\u00f6r att sluta, knappade Engelholms VS tidigare guldhj\u00e4lte in ett bekant telefonnummer, till sportchefen Fredrik T\u00e5gsj\u00f6.<\/p>\n<p>          <img decoding=\"async\" class=\"picture__img\" src=\"https:\/\/www.europesays.com\/se\/wp-content\/uploads\/2025\/10\/be44472b-985a-4e97-80ae-04f75e0516dd.jpeg\"   alt=\"\u00c4ngelholms centrum, bekant mark f\u00f6r Aleksandra Omelaniuk.\"\/><\/p>\n<p>      \u00c4ngelholms centrum, bekant mark f\u00f6r Aleksandra Omelaniuk.<\/p>\n<p>      Foto: Anna Bredberg<\/p>\n<p><strong>Aleksandra Omelaniuk \u00e4r<\/strong> tillbaka d\u00e4r hon b\u00e4rgade SM-titeln v\u00e5ren 2023. Denna g\u00e5ng delar hon l\u00e4genhet med brasilianska Maria Eduardo Oliveira och \u201dbarnet\u201d Thea Andersson, 19 \u00e5r.<\/p>\n<p>\u2013 Det k\u00e4nns fantastiskt. Det h\u00e4r \u00e4r som hemma. Jag har vunnit allt man kan i Sverige med detta lag och det \u00e4r bara goda minnen.<\/p>\n<blockquote class=\"ds-quote\">\n<p>    Jag m\u00e5ste ju leva och ha r\u00e5d med mat och t\u00e5gbiljetter. Sverige \u00e4r landet d\u00e4r du alltid f\u00e5r pengarna i tid.\n  <\/p><\/blockquote>\n<p><strong>Du funderade p\u00e5 att sluta. Varf\u00f6r landade du i \u00c4ngelholm?<\/strong><\/p>\n<p>\u2013 Jag k\u00e4nner ligan, tr\u00e4ningsstilen och har frihet att gymma. Klubben litar p\u00e5 mig och jag litar p\u00e5 att f\u00e5 l\u00f6nen i tid. I Europa har de flesta klubbarna problem med pengar. I Polen betalar f\u00e5 klubbar i tid.<\/p>\n<p>Dessutom st\u00e5r EVS f\u00f6r daglig lunch p\u00e5 restaurangen Torstens.<\/p>\n<p>\u2013 Jag m\u00e5ste ju leva och ha r\u00e5d med mat och t\u00e5gbiljetter. Sverige \u00e4r landet d\u00e4r du alltid f\u00e5r pengarna i tid.<\/p>\n<p>          <img decoding=\"async\" class=\"picture__img\" src=\"https:\/\/www.europesays.com\/se\/wp-content\/uploads\/2025\/10\/6bd0baab-cb1c-446f-910f-1de2f5a0f1d8.jpeg\"   alt=\"Aleksandra Omelaniuk kan nu \u00e5ter umg\u00e5s med tidigare lagkamrater, som dock slutat spela sedan f\u00f6rra sejouren.\"\/><\/p>\n<p>      Aleksandra Omelaniuk kan nu \u00e5ter umg\u00e5s med tidigare lagkamrater, som dock slutat spela sedan f\u00f6rra sejouren.<\/p>\n<p>      Foto: Anna Bredberg<\/p>\n<p>H\u00e4r f\u00f6rs\u00f6rjer hon sig enbart p\u00e5 volleybollen utan andra gig vid sidan av. Fokuset \u00e4r odelat.<\/p>\n<p>Efter detta kontrakt kan karri\u00e4ren komma att avslutas.<\/p>\n<p>\u2013 Men jag har ett m\u00e5l. Jag ska vinna den h\u00e4r ligan. Vi kommer jobba s\u00e5 h\u00e5rt i tr\u00e4ning och jag ser redan att tjejerna strider f\u00f6r det. Jag vill bara avsluta min spelarkarri\u00e4r med en medalj.<\/p>\n<p><strong>\u00c4r det n\u00e5got du och klubben pratade om f\u00f6r att du skulle skriva p\u00e5?<\/strong><\/p>\n<p>\u2013 De sa inte rakt ut att vi skulle vinna. Men alla vill ju det. Det \u00e4r uppenbarligen m\u00e5let att bli etta eller \u00e5tminstone n\u00e5 final. Jag vill bli nummer ett!<\/p>\n<p>          <img decoding=\"async\" class=\"picture__img\" src=\"https:\/\/www.europesays.com\/se\/wp-content\/uploads\/2025\/10\/85a4d33c-da9f-4885-8fe0-f6834ea1d895.jpeg\"   alt=\"Tv\u00e5 lagkamrater \u00e4r kvar sedan senast. Ella Sandberg och Sophia Eklund. Resterande ansikten \u00e4r nya f\u00f6r \u00e5terv\u00e4ndande Omelaniuk.\"\/><\/p>\n<p>      Tv\u00e5 lagkamrater \u00e4r kvar sedan senast. Ella Sandberg och Sophia Eklund. Resterande ansikten \u00e4r nya f\u00f6r \u00e5terv\u00e4ndande Omelaniuk.<\/p>\n<p>      Foto: Anna Bredberg<\/p>\n<p>Visionerna f\u00f6r framtiden \u00e4r tydliga. Det har alltid funnits en plan B utifall att skador skulle grusa volleybollmaskinen.<\/p>\n<p><strong>Varifr\u00e5n kom tankarna p\u00e5 att sluta nu?<\/strong><\/p>\n<p>\u2013 Jag t\u00e4nkte p\u00e5 mitt liv. Mina f\u00f6r\u00e4ldrar. Min partner. Jag m\u00e5ste \u00e5terv\u00e4nda till Polen n\u00e5gon g\u00e5ng och d\u00e5 bygga ett liv fr\u00e5n b\u00f6rjan.<\/p>\n<blockquote class=\"ds-quote\">\n<p>    Jag har genomg\u00e5tt utbildningar. Just nu \u00e4r jag officer. Det \u00e4r en bra start inf\u00f6r livet efter idrotten.\n  <\/p><\/blockquote>\n<p>Volleybollproffsets plan B best\u00e5r i att g\u00f6ra milit\u00e4r karri\u00e4r.<\/p>\n<p>\u2013 Jag har genomg\u00e5tt utbildningar. Just nu \u00e4r jag officer. Det \u00e4r en bra start inf\u00f6r livet efter idrotten. Varf\u00f6r inte? Det blir kul!<\/p>\n<p>          <img decoding=\"async\" class=\"picture__img\" src=\"https:\/\/www.europesays.com\/se\/wp-content\/uploads\/2025\/10\/8814fdbb-bb2d-4c25-8a4a-664ca8c985ae.jpeg\"   alt=\"Aleksandra Omelaniuk p\u00e5 Sj\u00f6holms bageri i \u00c4ngelholm.\"\/><\/p>\n<p>      Aleksandra Omelaniuk p\u00e5 Sj\u00f6holms bageri i \u00c4ngelholm.<\/p>\n<p>      Foto: Anna Bredberg<\/p>\n<p><strong>Redan nu ser hon<\/strong> arbetstillf\u00e4llen vid en eventuell \u00e5terkomst till hemlandet. Var hon skulle placeras \u00e4r oklart, men f\u00f6rhoppningen \u00e4r n\u00e4ra hemstaden Warszawa.<\/p>\n<p><strong>Ber\u00e4tta mer om din plan B.<\/strong><\/p>\n<p>\u2013 Jag kan inte s\u00e4ga n\u00e5gonting p\u00e5 grund av situationen just nu. Polen befinner sig i ett konstigt l\u00e4ge och jag beh\u00f6ver h\u00e5lla vissa saker f\u00f6r mig sj\u00e4lv.<\/p>\n<p>\u2013 Jag genomgick denna sommar tv\u00e5 och en halv m\u00e5nads kurser f\u00f6r att n\u00e5 min grad. Jag kan inte s\u00e4ga mer f\u00f6r alla lyssnar \u00f6verallt.<\/p>\n<p>          <img decoding=\"async\" class=\"picture__img\" src=\"https:\/\/www.europesays.com\/se\/wp-content\/uploads\/2025\/10\/63a9183e-646f-4b6d-b73c-0e6dc0de5299.jpeg\"   alt=\"Omelaniuk minns en final mot \u00d6rebro. \u201dJag spelade v\u00e4ldigt d\u00e5ligt fr\u00e5n b\u00f6rjan. Jag k\u00e4mpade mot demoner: Fan! Vad p\u00e5g\u00e5r? Jag kan inte spela! Men jag b\u00f6rjade spela bra till slut. Jag kom tillbaka fr\u00e5n en riktigt djup botten upp till mitt b\u00e4sta jag.\u201d Samma mentala styrka kr\u00e4vs inom milit\u00e4ren, menar hon.\"\/><\/p>\n<p>      Omelaniuk minns en final mot \u00d6rebro. \u201dJag spelade v\u00e4ldigt d\u00e5ligt fr\u00e5n b\u00f6rjan. Jag k\u00e4mpade mot demoner: Fan! Vad p\u00e5g\u00e5r? Jag kan inte spela! Men jag b\u00f6rjade spela bra till slut. Jag kom tillbaka fr\u00e5n en riktigt djup botten upp till mitt b\u00e4sta jag.\u201d Samma mentala styrka kr\u00e4vs inom milit\u00e4ren, menar hon.<\/p>\n<p>      Foto: Anna Bredberg<\/p>\n<p><strong>Hur fann du det h\u00e4r sp\u00e5ret?<\/strong><\/p>\n<p>\u2013 Min far \u00e4r ocks\u00e5 milit\u00e4r. Jag var alltid omgiven av soldater. Det var som en familjegrej. I Polen \u00e4r det ocks\u00e5 ett bra jobb eftersom du f\u00e5r m\u00e5nga f\u00f6rm\u00e5ner fr\u00e5n staten.<\/p>\n<p>\u2013 Det \u00e4r ett tryggt jobb. Du vet att du alltid f\u00e5r l\u00f6n i tid och en l\u00e4genhet att bo i. Du beh\u00f6ver aldrig oroa dig \u00f6ver att f\u00f6retaget ska g\u00e5 i konkurs eftersom det \u00e4r staten.<\/p>\n<p>F\u00f6r Aleksandra Omelaniuk finns dessutom en plan C.<\/p>\n<p>\u2013 Jag har ocks\u00e5 sm\u00e5 dr\u00f6mmar om att starta en idrottsklinik f\u00f6r \u00e5terh\u00e4mtning, massage och behandling.<\/p>\n<p><strong>Men f\u00f6r att kunna bilda<\/strong> f\u00f6retag kr\u00e4vs startkapital. Det ska komma fr\u00e5n milit\u00e4ren.<\/p>\n<p>\u2013 I livet har man alltid utmaningar och dr\u00f6mmar. Jag gillar det. Jag vill alltid kliva ur min comfort zone, ta steg och f\u00f6rs\u00f6ka n\u00e5 mitt b\u00e4sta jag.<\/p>\n<blockquote class=\"ds-quote\">\n<p>    Det \u00e4r samma inom milit\u00e4ren. Folk kommer fr\u00e5n hela Polen. Vissa \u00e4r k\u00e4nsliga, vissa bryr sig inte alls.\n  <\/p><\/blockquote>\n<p><strong>Vad har du l\u00e4rt dig inom det milit\u00e4ra?<\/strong><\/p>\n<p>\u2013 T\u00e5lamod med andra m\u00e4nniskor. I ett volleybollag \u00e4r vi tolv spelare fr\u00e5n tolv olika v\u00e4rldar. Du m\u00e5ste hitta s\u00e4tt att kommunicera med var och en. Ibland \u00e4r det sv\u00e5rt. Vissa \u00e4r unga 18-\u00e5ringar. De \u00e4r barn.<\/p>\n<p>\u2013 Det \u00e4r samma inom milit\u00e4ren. Folk kommer fr\u00e5n hela Polen. Vissa \u00e4r k\u00e4nsliga, vissa bryr sig inte alls. Du m\u00e5ste vara t\u00e5lmodig f\u00f6r att f\u00f6rst\u00e5 var och en.<\/p>\n<p>          <img decoding=\"async\" class=\"picture__img\" src=\"https:\/\/www.europesays.com\/se\/wp-content\/uploads\/2025\/10\/ff5d0fea-a1fe-4b7c-b19e-ed3546b2ee10.jpeg\"   alt=\"\u201dSvenska spelare \u00e4r mer k\u00e4nsliga. I b\u00f6rjan beh\u00f6vde jag t\u00e4nka mig f\u00f6r. De f\u00f6rstod inte alla sk\u00e4mt jag drog. Ibland \u00e4r de f\u00f6r aggressiva. I Polen skulle folk f\u00f6rst\u00e5 men h\u00e4r \u00e4r det annorlunda.\u201d\"\/><\/p>\n<p>      \u201dSvenska spelare \u00e4r mer k\u00e4nsliga. I b\u00f6rjan beh\u00f6vde jag t\u00e4nka mig f\u00f6r. De f\u00f6rstod inte alla sk\u00e4mt jag drog. Ibland \u00e4r de f\u00f6r aggressiva. I Polen skulle folk f\u00f6rst\u00e5 men h\u00e4r \u00e4r det annorlunda.\u201d<\/p>\n<p>      Foto: Anna Bredberg<\/p>\n<p><strong>I september \u00e5beropade<\/strong> Polen Natoartikel fyra, vilket inneb\u00e4r att medlemsstaterna m\u00e5ste samlas f\u00f6r samr\u00e5d om en medlem upplever sin territoriella integritet och s\u00e4kerhet hotad.<\/p>\n<p>Detta efter att Polen tvingats skjuta ner dr\u00f6nare i samband med ryska flyganfall mot Ukraina.<\/p>\n<p>Trots att Aleksandra Omelaniuk uppvisar en ovilja att s\u00e4ga f\u00f6r mycket, m\u00e5ste vi fr\u00e5ga officeren om Polens s\u00e4kerhetsl\u00e4ge. K\u00e4nner hon n\u00e5gon oro?<\/p>\n<p>Det m\u00e4rks att Aleksandra Omelaniuk \u00e4r ytterst defensiv, f\u00f6rtegen och reserverad i \u00e4mnet.<\/p>\n<p>\u2013 Ta allt du ser p\u00e5 TV med en nypa salt. Vi har en d\u00e5lig situation i \u00f6st och vet inte vad som h\u00e4nder i framtiden. Men generellt sett \u00e4r jag inte orolig.<\/p>\n<p><strong>Vad t\u00e4nker du n\u00e4r dr\u00f6nare flyger \u00f6ver Polen?<\/strong><\/p>\n<p>\u2013 Vanligtvis \u00e4r det du ser p\u00e5 TV f\u00f6rstorat. Folk \u00f6verreagerar. Om det verkligen h\u00e4nde n\u00e5got skulle vi se officiella kommunik\u00e9er p\u00e5 regeringens hemsida. Men i tidningar reagerar folk. Jag \u00e4r v\u00e4ldigt lugn.<\/p>\n<p>Aleksandra Omelaniuk oroar sig inte alls f\u00f6r sitt hemland.<\/p>\n<p>\u2013 Vi m\u00e5r bra. Jag \u00e4r ju h\u00e4r.<\/p>\n<p><strong>Hur \u00e4r det att se vad som h\u00e4nder i grannlandet Ukraina?<\/strong><\/p>\n<p>\u2013 Jag kan inte kommentera det. Det \u00e4r f\u00f6r kontroversiellt. Jag \u00e4r h\u00e4r f\u00f6r att spela volleyboll. Efter volleybollen kan jag s\u00e4ga mer, men min v\u00e4rld kretsar kring volleyboll nu.<\/p>\n<p><strong>G\u00f6r Rysslands invasion det sv\u00e5rare att h\u00e5lla fokuset?<\/strong><\/p>\n<p>\u2013 Jag har inga problem. N\u00e4r jag tr\u00e4nar \u00e4r mitt privatliv utest\u00e4ngt. B\u00e5de min familj och partner vet om n\u00e4r jag tr\u00e4nar. Jag har sagt till dem att detta \u00e4r min sista s\u00e4song och att jag inte vill h\u00f6ra om n\u00e5got drama d\u00e5. Om de vill prata med mig f\u00e5r det inte vara om dramatiska saker.<\/p>\n<p>          <img decoding=\"async\" class=\"picture__img\" src=\"https:\/\/www.europesays.com\/se\/wp-content\/uploads\/2025\/10\/b7d5f003-6dcf-4050-a355-0afd68b62458.jpeg\"   alt=\"\u201dOm n\u00e5got riktigt allvarligt sker f\u00e5r jag reda p\u00e5 det\u201d, s\u00e4ger Aleksandra Omelaniuk\"\/><\/p>\n<p>      \u201dOm n\u00e5got riktigt allvarligt sker f\u00e5r jag reda p\u00e5 det\u201d, s\u00e4ger Aleksandra Omelaniuk<\/p>\n<p>      Foto: Anna Bredberg<\/p>\n<p><strong>Skulle Polen hamna i ett<\/strong> riktigt allvarligt l\u00e4ge kallas i s\u00e5 fall Omelaniuk hem.<\/p>\n<p>\u2013 Men det kommer inte att h\u00e4nda. Jag har en k\u00e4nsla f\u00f6r om n\u00e5got d\u00e5ligt h\u00e4nder d\u00e4r hemma och just nu \u00e4r allt perfekt.<\/p>\n<p>Fokus p\u00e5 volleybollen. B\u00e4rgas bara den d\u00e4r SM-pokalen skulle hon kunna k\u00e4nna sig klar med sporten.<\/p>\n<p>\u2013 Jag s\u00e4ger inte att volleybollen \u00e4r \u00f6ver. Min hemstad har ett bra lag, men jag \u00e4r definitivt f\u00e4rdig med att spela utomlands sedan.<\/p>\n<p>Fjol\u00e5rss\u00e4songen, 2024\/25, var turbulent f\u00f6r Engelholms VS. Den \u00e5ttafaldiga m\u00e4starklubben meddelade i februari sin pausning av elitverksamheten. Anledning: ekonomi.<\/p>\n<p>Kort d\u00e4rp\u00e5 kom v\u00e4ndningen: En grupp finansi\u00e4rer, till stor del fr\u00e5n det lokala n\u00e4ringslivet, gick in med en blixtaktion.<\/p>\n<p>\u2013 Jag k\u00e4nner inte till hela historien. Jag s\u00e5g bara artiklar om att sponsorer s\u00e4krat ekonomin f\u00f6r fem \u00e5r fram\u00e5t. Klubben fungerar nu. Vi har utl\u00e4nningar och yngre spelare som \u00f6vertygats att vara h\u00e4r. Det \u00e4r ett gott tecken. Jag \u00e4r inte orolig.<\/p>\n<p><strong>Din m\u00e5ls\u00e4ttning \u00e4r tydlig. Men hur starka \u00e4r ni egentligen?<\/strong><\/p>\n<p>\u2013 Jag \u00e4r \u00f6verraskad. Jag ser potential. \u00c4ven om m\u00e5nga \u00e4r unga springer vi inte runt som yra h\u00f6ns. Alla vet vad de ska g\u00f6ra p\u00e5 banan. Jag k\u00e4nde sj\u00e4lv att jag beh\u00f6vde steppa upp efter mina f\u00f6rsta tr\u00e4ningar, svarar Aleksandra Omelaniuk.<\/p>\n","protected":false},"excerpt":{"rendered":"Fjol\u00e5rss\u00e4songen i \u00f6sterrikiska Klagenfurt blev n\u00e5got av en besvikelse. Aleksandra Omelaniuk b\u00f6rjade snegla mot hyllan d\u00e4r skorna en&hellip;\n","protected":false},"author":2,"featured_media":57696,"comment_status":"","ping_status":"","sticky":false,"template":"","format":"standard","meta":{"footnotes":""},"categories":[68],"tags":[34,111,110,31,33,32,30],"class_list":{"0":"post-57695","1":"post","2":"type-post","3":"status-publish","4":"format-standard","5":"has-post-thumbnail","7":"category-sport","8":"tag-se","9":"tag-sport","10":"tag-sports","11":"tag-svenska","12":"tag-sverige","13":"tag-sweden","14":"tag-swedish"},"share_on_mastodon":{"url":"","error":""},"_links":{"self":[{"href":"https:\/\/www.europesays.com\/se\/wp-json\/wp\/v2\/posts\/57695","targetHints":{"allow":["GET"]}}],"collection":[{"href":"https:\/\/www.europesays.com\/se\/wp-json\/wp\/v2\/posts"}],"about":[{"href":"https:\/\/www.europesays.com\/se\/wp-json\/wp\/v2\/types\/post"}],"author":[{"embeddable":true,"href":"https:\/\/www.europesays.com\/se\/wp-json\/wp\/v2\/users\/2"}],"replies":[{"embeddable":true,"href":"https:\/\/www.europesays.com\/se\/wp-json\/wp\/v2\/comments?post=57695"}],"version-history":[{"count":0,"href":"https:\/\/www.europesays.com\/se\/wp-json\/wp\/v2\/posts\/57695\/revisions"}],"wp:featuredmedia":[{"embeddable":true,"href":"https:\/\/www.europesays.com\/se\/wp-json\/wp\/v2\/media\/57696"}],"wp:attachment":[{"href":"https:\/\/www.europesays.com\/se\/wp-json\/wp\/v2\/media?parent=57695"}],"wp:term":[{"taxonomy":"category","embeddable":true,"href":"https:\/\/www.europesays.com\/se\/wp-json\/wp\/v2\/categories?post=57695"},{"taxonomy":"post_tag","embeddable":true,"href":"https:\/\/www.europesays.com\/se\/wp-json\/wp\/v2\/tags?post=57695"}],"curies":[{"name":"wp","href":"https:\/\/api.w.org\/{rel}","templated":true}]}}