{"id":57816,"date":"2025-10-17T10:29:14","date_gmt":"2025-10-17T10:29:14","guid":{"rendered":"https:\/\/www.europesays.com\/se\/57816\/"},"modified":"2025-10-17T10:29:14","modified_gmt":"2025-10-17T10:29:14","slug":"fast-i-frysboxen-soker-en-losning-almtuna-vore-perfekt-unt","status":"publish","type":"post","link":"https:\/\/www.europesays.com\/se\/57816\/","title":{"rendered":"Fast i frysboxen \u2013 s\u00f6ker en l\u00f6sning: &quot;Almtuna vore perfekt&quot; &#8211; UNT"},"content":{"rendered":"<ol>\n<li><a href=\"https:\/\/news.google.com\/rss\/articles\/CBMiqAFBVV95cUxPUHlYdFIwNEFhWXBZTnVYbDQwWjVZUk55dWVjX2drcFowZ0wzR0NhZVNnNkdYVkJDQ3J2WHp1TERROWNWa05yZThoNGhWVUxMbEZxN0FjX0pkWXNjZ0pycG9rTkw2bGVnU0RGZ0RhNmQ5X0NaVWoxWENKOWNfMEliQ2JxUjJmSjVRVWNtWEg0clBXcVFpX0JWa1pEZkY1NFk4UUU3YXJhZGs?oc=5\" target=\"_blank\" rel=\"nofollow noopener\">Fast i frysboxen \u2013 s\u00f6ker en l\u00f6sning: &#8221;Almtuna vore perfekt&#8221;<\/a>&nbsp;&nbsp;UNT<\/li>\n<li><a href=\"https:\/\/news.google.com\/rss\/articles\/CBMilwFBVV95cUxPTzBlVUJfU2Q3MUxtaTZCQjN3NXRDcWJpV25hek0wRWZIQnh2Vzh3ZXZxc21CUDZkdlpFTE5FNDMxLU9Uc2FrMDRGQ00zYzBvRVktMGlfSzNJc3hVSWVwZHFRWm9pZmx1Rl9vR0theHJYS3ZocGlKZnp2RDFIY3ZPMTJ0VFZpSlNRaFNSWldtb3A3N09SSWJj?oc=5\" target=\"_blank\" rel=\"nofollow noopener\">Dumpas av Djurg\u00e5rden: \u201dHamnat utanf\u00f6r\u201d<\/a>&nbsp;&nbsp;Aftonbladet<\/li>\n<li><a href=\"https:\/\/news.google.com\/rss\/articles\/CBMigwFBVV95cUxNNzJrY1RiMVlZcnMxbUxLNUE4X0xNdmRpR3FxQU5TQVA3VEVkY2lTMFk2MlRlaTFKZjNRZnpsLWFubHo3dmJVRHp0WGhSVURBUzNVVW1LWTBFVjI0QzlTd285TE9EMGdZN211cHhacjJNT25LSUlZcUR1b2x4YlVidU5tTQ?oc=5\" target=\"_blank\" rel=\"nofollow noopener\">Jakob Ragnarsson l\u00e4mnar Djurg\u00e5rden<\/a>&nbsp;&nbsp;Expressen<\/li>\n<li><a href=\"https:\/\/news.google.com\/rss\/articles\/CBMiggFBVV95cUxPYzNJeW4teEJjRThEdTVVY0UwTnZxUEFjMUp3RFpYLTBlQWYxbDZwUGV2bkpPdl9XdHRuWFNQRDJmamR2STZ4WnI1WWQ2NEtENFFlMGJGZW9sWUhXOElFSEVkaHhiT2thRk9pUG1BbDZZME10dTZQLXpCSWoyQU5vOGdR?oc=5\" target=\"_blank\" rel=\"nofollow noopener\">Kvalhj\u00e4lten l\u00e4mnar Djurg\u00e5rden \u2013 klar f\u00f6r krislag<\/a>&nbsp;&nbsp;hockeysverige.se<\/li>\n<li><a href=\"https:\/\/news.google.com\/rss\/articles\/CBMigwFBVV95cUxNTEdPdnVwUFZYVnMwYVlibWVpYWladlV2UjhVYko5bmxibm03a2Y1MFFkVWZpZjFCRE83THJLZHd3RmJ0RVFtNTBiWHNKR0RVOVBxRjRWWUFsamw0ZTJ5VzRuUUNYMXVDVUpGN0xTM19DQjFPTnFoLVUyM0JpOGNrU25vZw?oc=5\" target=\"_blank\" rel=\"nofollow noopener\">Varit i frysboxen \u2013 l\u00e4mnar DIF f\u00f6r spel i Finland<\/a>&nbsp;&nbsp;HockeyNews<\/li>\n<\/ol>\n","protected":false},"excerpt":{"rendered":"Fast i frysboxen \u2013 s\u00f6ker en l\u00f6sning: &#8221;Almtuna vore perfekt&#8221;&nbsp;&nbsp;UNT Dumpas av Djurg\u00e5rden: \u201dHamnat utanf\u00f6r\u201d&nbsp;&nbsp;Aftonbladet Jakob Ragnarsson l\u00e4mnar&hellip;\n","protected":false},"author":2,"featured_media":57817,"comment_status":"","ping_status":"","sticky":false,"template":"","format":"standard","meta":{"footnotes":""},"categories":[68],"tags":[34,111,110,31,33,32,30],"class_list":{"0":"post-57816","1":"post","2":"type-post","3":"status-publish","4":"format-standard","5":"has-post-thumbnail","7":"category-sport","8":"tag-se","9":"tag-sport","10":"tag-sports","11":"tag-svenska","12":"tag-sverige","13":"tag-sweden","14":"tag-swedish"},"share_on_mastodon":{"url":"","error":""},"_links":{"self":[{"href":"https:\/\/www.europesays.com\/se\/wp-json\/wp\/v2\/posts\/57816","targetHints":{"allow":["GET"]}}],"collection":[{"href":"https:\/\/www.europesays.com\/se\/wp-json\/wp\/v2\/posts"}],"about":[{"href":"https:\/\/www.europesays.com\/se\/wp-json\/wp\/v2\/types\/post"}],"author":[{"embeddable":true,"href":"https:\/\/www.europesays.com\/se\/wp-json\/wp\/v2\/users\/2"}],"replies":[{"embeddable":true,"href":"https:\/\/www.europesays.com\/se\/wp-json\/wp\/v2\/comments?post=57816"}],"version-history":[{"count":0,"href":"https:\/\/www.europesays.com\/se\/wp-json\/wp\/v2\/posts\/57816\/revisions"}],"wp:featuredmedia":[{"embeddable":true,"href":"https:\/\/www.europesays.com\/se\/wp-json\/wp\/v2\/media\/57817"}],"wp:attachment":[{"href":"https:\/\/www.europesays.com\/se\/wp-json\/wp\/v2\/media?parent=57816"}],"wp:term":[{"taxonomy":"category","embeddable":true,"href":"https:\/\/www.europesays.com\/se\/wp-json\/wp\/v2\/categories?post=57816"},{"taxonomy":"post_tag","embeddable":true,"href":"https:\/\/www.europesays.com\/se\/wp-json\/wp\/v2\/tags?post=57816"}],"curies":[{"name":"wp","href":"https:\/\/api.w.org\/{rel}","templated":true}]}}