{"id":57832,"date":"2025-10-17T10:43:14","date_gmt":"2025-10-17T10:43:14","guid":{"rendered":"https:\/\/www.europesays.com\/se\/57832\/"},"modified":"2025-10-17T10:43:14","modified_gmt":"2025-10-17T10:43:14","slug":"isak-andic-grundare-av-mango-foll-till-sin-dod-nu-utreds-sonen","status":"publish","type":"post","link":"https:\/\/www.europesays.com\/se\/57832\/","title":{"rendered":"Isak Andic \u2013 grundare av Mango \u2013 f\u00f6ll till sin d\u00f6d \u2013 nu utreds sonen"},"content":{"rendered":"<p class=\"boxtextgrotesk-root_baa6 hyperion-css-7pajle\">Uppdaterad 12.29 | Publicerad 12.25<\/p>\n<p>share-arrowDela<\/p>\n<p>unsaveSpara<\/p>\n<p>expand-left<\/p>\n<p>helsk\u00e4rm<img decoding=\"async\" class=\"image-asset hyperion-css-u06ts1\" data-test-tag=\"image-asset\" src=\"https:\/\/www.europesays.com\/se\/wp-content\/uploads\/2025\/10\/10b09c1f-41dc-4beb-b03b-5a4d1f7579e6\"  alt=\"Kl\u00e4dkejdan Mangos grundare Isak Andic under en modevisning i Paris 2011.\"  loading=\"eager\" fetchpriority=\"high\" style=\"aspect-ratio:1900 \/ 1266\"\/>Kl\u00e4dkejdan Mangos grundare Isak Andic under en modevisning i Paris 2011. Foto: Thibault Camus\/AP\/TT<\/p>\n<p class=\"hyperion-css-1shl3oz\" data-test-tag=\"lead-text\">Isak Andic, grundare av kl\u00e4dj\u00e4tten Mango, dog i slutet av f\u00f6rra \u00e5ret under en vandring.<\/p>\n<p class=\"hyperion-css-1shl3oz\" data-test-tag=\"lead-text\">Vad som f\u00f6rst betecknades som en olycka utreds nu som misst\u00e4nkt mord.<\/p>\n<p class=\"hyperion-css-1v9qo5x\">71-\u00e5ringen konstaterades d\u00f6d efter att ha fallit \u00f6ver 100 meter utf\u00f6r ett stup i bergsmassivet Montserrat n\u00e4ra Barcelona.<\/p>\n<p class=\"hyperion-css-1v9qo5x\">D\u00f6dsfallet betecknades snabbt som en olycka, men p\u00e5 fredagen uppger spansk polis att Andics d\u00f6d nu utreds som misst\u00e4nkt mord. Beskedet kommer sedan den spanska tidningen El Pa\u00eds p\u00e5 torsdagen rapporterat att sonen <strong>Jonathan Andic<\/strong>, den ende som var med Mangogrundaren dagen han dog, enligt k\u00e4llor nu utreds i fallet.<\/p>\n<p>expand-left<\/p>\n<p>helsk\u00e4rm<img decoding=\"async\" class=\"image-asset hyperion-css-u06ts1\" data-test-tag=\"image-asset\" src=\"https:\/\/www.europesays.com\/se\/wp-content\/uploads\/2025\/10\/3cdd20f9-b442-42e4-bf34-2491a72726fc\"  alt=\"Jonathan Andic.\"  loading=\"eager\" fetchpriority=\"high\" style=\"aspect-ratio:1830 \/ 952\"\/>Jonathan Andic.<\/p>\n<p class=\"hyperion-css-1v9qo5x\">Enligt k\u00e4llorna har sonen gett mots\u00e4gelsefulla vittnesm\u00e5l som v\u00e4ckt utredarnas misstankar. Tidningen La Vanguardias k\u00e4llor uppger att polisen i september \u00e4ndrade Jonathan Andics status fr\u00e5n \u201dvittne\u201d till \u201dmisst\u00e4nkt\u201d i utredningen. Sonens partner s\u00e4gs i f\u00f6rh\u00f6r ha beskrivit relationen mellan fadern och sonen som \u201danstr\u00e4ngd\u201d.<\/p>\n<p class=\"hyperion-css-1v9qo5x\"><strong>Isak Andic<\/strong> var f\u00f6re sin d\u00f6d Kataloniens rikaste man och en av Spaniens rikaste personer.<\/p>\n","protected":false},"excerpt":{"rendered":"Uppdaterad 12.29 | Publicerad 12.25 share-arrowDela unsaveSpara expand-left helsk\u00e4rmKl\u00e4dkejdan Mangos grundare Isak Andic under en modevisning i Paris&hellip;\n","protected":false},"author":2,"featured_media":57833,"comment_status":"","ping_status":"","sticky":false,"template":"","format":"standard","meta":{"footnotes":""},"categories":[5],"tags":[22,23,26,27,17,21,24,25,28,29,15,16,18,34,31,33,32,30,19,20],"class_list":{"0":"post-57832","1":"post","2":"type-post","3":"status-publish","4":"format-standard","5":"has-post-thumbnail","7":"category-rubriker","8":"tag-breaking-news","9":"tag-breakingnews","10":"tag-featured-news","11":"tag-featurednews","12":"tag-headlines","13":"tag-huvudnyheter","14":"tag-latest-news","15":"tag-latestnews","16":"tag-main-news","17":"tag-mainnews","18":"tag-news","19":"tag-nyheter","20":"tag-rubriker","21":"tag-se","22":"tag-svenska","23":"tag-sverige","24":"tag-sweden","25":"tag-swedish","26":"tag-top-stories","27":"tag-topstories"},"share_on_mastodon":{"url":"","error":""},"_links":{"self":[{"href":"https:\/\/www.europesays.com\/se\/wp-json\/wp\/v2\/posts\/57832","targetHints":{"allow":["GET"]}}],"collection":[{"href":"https:\/\/www.europesays.com\/se\/wp-json\/wp\/v2\/posts"}],"about":[{"href":"https:\/\/www.europesays.com\/se\/wp-json\/wp\/v2\/types\/post"}],"author":[{"embeddable":true,"href":"https:\/\/www.europesays.com\/se\/wp-json\/wp\/v2\/users\/2"}],"replies":[{"embeddable":true,"href":"https:\/\/www.europesays.com\/se\/wp-json\/wp\/v2\/comments?post=57832"}],"version-history":[{"count":0,"href":"https:\/\/www.europesays.com\/se\/wp-json\/wp\/v2\/posts\/57832\/revisions"}],"wp:featuredmedia":[{"embeddable":true,"href":"https:\/\/www.europesays.com\/se\/wp-json\/wp\/v2\/media\/57833"}],"wp:attachment":[{"href":"https:\/\/www.europesays.com\/se\/wp-json\/wp\/v2\/media?parent=57832"}],"wp:term":[{"taxonomy":"category","embeddable":true,"href":"https:\/\/www.europesays.com\/se\/wp-json\/wp\/v2\/categories?post=57832"},{"taxonomy":"post_tag","embeddable":true,"href":"https:\/\/www.europesays.com\/se\/wp-json\/wp\/v2\/tags?post=57832"}],"curies":[{"name":"wp","href":"https:\/\/api.w.org\/{rel}","templated":true}]}}