{"id":57834,"date":"2025-10-17T10:46:14","date_gmt":"2025-10-17T10:46:14","guid":{"rendered":"https:\/\/www.europesays.com\/se\/57834\/"},"modified":"2025-10-17T10:46:14","modified_gmt":"2025-10-17T10:46:14","slug":"ovantade-samarbetet-nar-christer-sjogren-dyker-upp-i-pa-sparet-alla-artister-slappta-vf","status":"publish","type":"post","link":"https:\/\/www.europesays.com\/se\/57834\/","title":{"rendered":"Ov\u00e4ntade samarbetet n\u00e4r Christer Sj\u00f6gren dyker upp i \u201dP\u00e5 sp\u00e5ret\u201d \u2013 alla artister sl\u00e4ppta &#8211; VF"},"content":{"rendered":"<ol>\n<li><a href=\"https:\/\/news.google.com\/rss\/articles\/CBMivAFBVV95cUxOSFpSOHR5S1FlRXFrbmI1bHIzMXVqVXFPXzRVakVzRFVWN0tHZHplTDJiMzMzNF90d1dJMllvU2xXeldmQ19XMC1pSFZLWHF0NFJ5NmtSREljWFBCZHg0ZDJxSlUzQmxKMTluQ3dkN25Ca2hwbUxsRXFCeXY4TmJhd05zekVFbVI3UUVGemZBdkFVX2kyaTdSQ1RhaTFwTXZ4a3JWMktOdWtpa1NYXzg4WDloTGNtVFlqTWJrYw?oc=5\" target=\"_blank\" rel=\"nofollow noopener\">Ov\u00e4ntade samarbetet n\u00e4r Christer Sj\u00f6gren dyker upp i \u201dP\u00e5 sp\u00e5ret\u201d \u2013 alla artister sl\u00e4ppta<\/a>&nbsp;&nbsp;VF<\/li>\n<li><a href=\"https:\/\/news.google.com\/rss\/articles\/CBMieEFVX3lxTE9fMF9WREFkZzBsX2YzR1RkZE12Z29OU2N5TE1tZTFFdGphd0I1ejZFVW9iTmo3RG1LZ0Z0c1o1dk40MGlWa2FQcVU1ZUVJa1lFVHJpc3c0elpacVNUcTRIWlQxVGFfNktRcjFEcHRsbGxIWGNPM3NjSg?oc=5\" target=\"_blank\" rel=\"nofollow noopener\">De t\u00e4vlar i \u201dP\u00e5 sp\u00e5ret\u201d i vinter<\/a>&nbsp;&nbsp;Aftonbladet<\/li>\n<li><a href=\"https:\/\/news.google.com\/rss\/articles\/CBMivgFBVV95cUxOSGF1TnduUE81WXVZTGFkSElEQnRWMnkwVl8xMjhmWU5yb0x0R0JGOEw5UFpoS3QtOTlUbE9pY29BdUpVNjliNDhHN0w5RjQwbkRXcHlTWGdJREZMbmdCQmJieEhRTmg5OFB0NUl2b05ILVpQUFRnMGV0NzdwYkRFd1d4QnlTZGRjVjdIanJJbXFkaEh0bnFzdl9aYXdEY3doWmtfb2JzNzAzMGZ5c3BMMjV0VEpZMEFtZGdQZ2V3?oc=5\" target=\"_blank\" rel=\"nofollow noopener\">Kr\u00f6nika: Stockholm dominerar allt liv i \u201dP\u00e5 sp\u00e5ret\u201d<\/a>&nbsp;&nbsp;GP<\/li>\n<li><a href=\"https:\/\/news.google.com\/rss\/articles\/CBMijgFBVV95cUxPenhyVGxScTluLVRXQktPUnlUZzVRa0ItaUJmUDBfMGFQMkpRZmxNOTZjNmpIU2lEbjBoQ3d3YzYxLXkySk9GdzlERm16QmNBMG5UQ05NeDk3b051RS05UEc4d1hkZTR5XzZ1Qm5kdmZiTmtrS2h2MmFHR0I3R2N0Sjg1S2FOTUpRZ1Y5VVdR?oc=5\" target=\"_blank\" rel=\"nofollow noopener\">Lars Winnerb\u00e4ck klar f\u00f6r P\u00e5 sp\u00e5ret<\/a>&nbsp;&nbsp;Corren<\/li>\n<li><a href=\"https:\/\/news.google.com\/rss\/articles\/CBMib0FVX3lxTE1ReWlUZ3VXOUZrcVFHY2E2azVkSTdDSmVXcTg2ZGM4TklKSnFVLThoV3phaFMxRnIyd0huTndzLTRxc3dkUFE4aHp6REVROGdIdjNFSnJfdENxQ1BCSHhHOTBwTU41NWxhYlZMSWJqNA?oc=5\" target=\"_blank\" rel=\"nofollow noopener\">H\u00e4r \u00e4r \u00e5rets alla artister i \u201dP\u00e5 sp\u00e5ret\u201d<\/a>&nbsp;&nbsp;Bor\u00e5s Tidning<\/li>\n<\/ol>\n","protected":false},"excerpt":{"rendered":"Ov\u00e4ntade samarbetet n\u00e4r Christer Sj\u00f6gren dyker upp i \u201dP\u00e5 sp\u00e5ret\u201d \u2013 alla artister sl\u00e4ppta&nbsp;&nbsp;VF De t\u00e4vlar i \u201dP\u00e5&hellip;\n","protected":false},"author":2,"featured_media":57835,"comment_status":"","ping_status":"","sticky":false,"template":"","format":"standard","meta":{"footnotes":""},"categories":[67],"tags":[104,34,31,33,32,30,105],"class_list":{"0":"post-57834","1":"post","2":"type-post","3":"status-publish","4":"format-standard","5":"has-post-thumbnail","7":"category-underhallning","8":"tag-entertainment","9":"tag-se","10":"tag-svenska","11":"tag-sverige","12":"tag-sweden","13":"tag-swedish","14":"tag-underhallning"},"share_on_mastodon":{"url":"","error":""},"_links":{"self":[{"href":"https:\/\/www.europesays.com\/se\/wp-json\/wp\/v2\/posts\/57834","targetHints":{"allow":["GET"]}}],"collection":[{"href":"https:\/\/www.europesays.com\/se\/wp-json\/wp\/v2\/posts"}],"about":[{"href":"https:\/\/www.europesays.com\/se\/wp-json\/wp\/v2\/types\/post"}],"author":[{"embeddable":true,"href":"https:\/\/www.europesays.com\/se\/wp-json\/wp\/v2\/users\/2"}],"replies":[{"embeddable":true,"href":"https:\/\/www.europesays.com\/se\/wp-json\/wp\/v2\/comments?post=57834"}],"version-history":[{"count":0,"href":"https:\/\/www.europesays.com\/se\/wp-json\/wp\/v2\/posts\/57834\/revisions"}],"wp:featuredmedia":[{"embeddable":true,"href":"https:\/\/www.europesays.com\/se\/wp-json\/wp\/v2\/media\/57835"}],"wp:attachment":[{"href":"https:\/\/www.europesays.com\/se\/wp-json\/wp\/v2\/media?parent=57834"}],"wp:term":[{"taxonomy":"category","embeddable":true,"href":"https:\/\/www.europesays.com\/se\/wp-json\/wp\/v2\/categories?post=57834"},{"taxonomy":"post_tag","embeddable":true,"href":"https:\/\/www.europesays.com\/se\/wp-json\/wp\/v2\/tags?post=57834"}],"curies":[{"name":"wp","href":"https:\/\/api.w.org\/{rel}","templated":true}]}}