{"id":57838,"date":"2025-10-17T10:48:08","date_gmt":"2025-10-17T10:48:08","guid":{"rendered":"https:\/\/www.europesays.com\/se\/57838\/"},"modified":"2025-10-17T10:48:08","modified_gmt":"2025-10-17T10:48:08","slug":"de-stod-for-91-procent-av-byggkonkurserna","status":"publish","type":"post","link":"https:\/\/www.europesays.com\/se\/57838\/","title":{"rendered":"De stod f\u00f6r 91 procent av byggkonkurserna"},"content":{"rendered":"\n<p>&#13;<br \/>\n\t\t\t\tIdag, 17:e oktober 2025, 09:07&#13;\n\t\t\t<\/p>\n<p><strong>Konkurserna minskar i antal, men en grupp \u00e4r s\u00e4rskilt pressad. De mindre f\u00f6retagen har det svettigare \u00e4n n\u00e5gonsin och stod f\u00f6r 91 procent av konkurserna under det tredje kvartalet.<\/strong><\/p>\n<p>Konkurserna minskade med sju procent i byggindustrin under det tredje kvartalet, j\u00e4mf\u00f6rt med samma period f\u00f6rra \u00e5ret.<\/p>\n<p>Men \u00e4ven om utvecklingen s\u00e5 sakteliga g\u00e5r \u00e5t r\u00e4tt h\u00e5ll, s\u00e5 finns det en grupp som fortfarande har det riktigt k\u00e4mpigt.<\/p>\n<p>\u00a0\u2013\u00a0Det \u00e4r framf\u00f6rallt de mindre byggf\u00f6retagen som fortfarande k\u00e4mpar med att f\u00e5 ihop kalkylerna, s\u00e4ger Johan Deremar, nationalekonom och prognosansvarig, Byggf\u00f6retagen.<\/p>\n<p>Mellan juli och september dukade 325 byggf\u00f6retag under. Bara ett enda av dessa hade fler \u00e4n 50 anst\u00e4llda. Och i hela 91 procent av konkurserna hade f\u00f6retagen f\u00e4rre \u00e4n tio anst\u00e4llda.<\/p>\n<p>\u201cEn pressad sm\u00e5f\u00f6retagarbransch\u201d<\/p>\n<p>Totalt drabbades 866 anst\u00e4llda av en byggkonkurs under kvartalet. Det \u00e4r en minskning med 36 procent i \u00e5rstakt.<\/p>\n<p>\u2013 D\u00e4rf\u00f6r \u00e4r det en besvikelse att det h\u00f6jda rot-avdraget inte f\u00f6rl\u00e4ngs efter \u00e5rsskiftet. Nu finns risk att aktiviteten kring renovering och tillbyggnad sjunker, in en redan pressad sm\u00e5f\u00f6retagarbransch, s\u00e4ger Johan Deremar.<\/p>\n<p>Den mest positiva utvecklingen ser vi i Norrbotten. D\u00e4r minskade antalet konkurser med hela 63 procent. Halland gick i rakt motsatt riktning. D\u00e4r \u00f6kade konkurserna till tolv stycken, sju fler \u00e4n samma period f\u00f6rra \u00e5ret.<\/p>\n<p>\u2013 Vi ser minskade byggkonkurser i drygt h\u00e4lften av l\u00e4nen, s\u00e4ger Johan Deremar.<\/p>\n","protected":false},"excerpt":{"rendered":"&#13; Idag, 17:e oktober 2025, 09:07&#13; Konkurserna minskar i antal, men en grupp \u00e4r s\u00e4rskilt pressad. De mindre&hellip;\n","protected":false},"author":2,"featured_media":57839,"comment_status":"","ping_status":"","sticky":false,"template":"","format":"standard","meta":{"footnotes":""},"categories":[65],"tags":[72,2483,70,71,34,31,33,32,30],"class_list":{"0":"post-57838","1":"post","2":"type-post","3":"status-publish","4":"format-standard","5":"has-post-thumbnail","7":"category-ekonomi","8":"tag-business","9":"tag-byggforetagen","10":"tag-economy","11":"tag-ekonomi","12":"tag-se","13":"tag-svenska","14":"tag-sverige","15":"tag-sweden","16":"tag-swedish"},"share_on_mastodon":{"url":"","error":""},"_links":{"self":[{"href":"https:\/\/www.europesays.com\/se\/wp-json\/wp\/v2\/posts\/57838","targetHints":{"allow":["GET"]}}],"collection":[{"href":"https:\/\/www.europesays.com\/se\/wp-json\/wp\/v2\/posts"}],"about":[{"href":"https:\/\/www.europesays.com\/se\/wp-json\/wp\/v2\/types\/post"}],"author":[{"embeddable":true,"href":"https:\/\/www.europesays.com\/se\/wp-json\/wp\/v2\/users\/2"}],"replies":[{"embeddable":true,"href":"https:\/\/www.europesays.com\/se\/wp-json\/wp\/v2\/comments?post=57838"}],"version-history":[{"count":0,"href":"https:\/\/www.europesays.com\/se\/wp-json\/wp\/v2\/posts\/57838\/revisions"}],"wp:featuredmedia":[{"embeddable":true,"href":"https:\/\/www.europesays.com\/se\/wp-json\/wp\/v2\/media\/57839"}],"wp:attachment":[{"href":"https:\/\/www.europesays.com\/se\/wp-json\/wp\/v2\/media?parent=57838"}],"wp:term":[{"taxonomy":"category","embeddable":true,"href":"https:\/\/www.europesays.com\/se\/wp-json\/wp\/v2\/categories?post=57838"},{"taxonomy":"post_tag","embeddable":true,"href":"https:\/\/www.europesays.com\/se\/wp-json\/wp\/v2\/tags?post=57838"}],"curies":[{"name":"wp","href":"https:\/\/api.w.org\/{rel}","templated":true}]}}