{"id":57841,"date":"2025-10-17T10:51:18","date_gmt":"2025-10-17T10:51:18","guid":{"rendered":"https:\/\/www.europesays.com\/se\/57841\/"},"modified":"2025-10-17T10:51:18","modified_gmt":"2025-10-17T10:51:18","slug":"kvinna-i-ratten-anklagas-for-brutalt-flickmord","status":"publish","type":"post","link":"https:\/\/www.europesays.com\/se\/57841\/","title":{"rendered":"Kvinna i r\u00e4tten \u2013 anklagas f\u00f6r brutalt flickmord"},"content":{"rendered":"<p>Den i dag 27-\u00e5riga misst\u00e4nkta kvinnan greps efter att Lola f\u00f6rsvann i huvudstadens nord\u00f6stra delar f\u00f6r tre \u00e5r sedan. Flickans kropp hittades senare i en koffert i en byggnad d\u00e4r hennes f\u00f6r\u00e4ldrar arbetade.<\/p>\n<p>Den misst\u00e4nkta kvinnan har algeriskt ursprung och hade inte l\u00e4mnat Frankrike efter att hennes studentvisum g\u00e5tt ut. Fallet ledde bland annat till politiska krav p\u00e5 str\u00e4ngare till\u00e4mpning av invandringslagar, men offrets mamma gick ut och v\u00e4djade till politiker att inte utnyttja dotterns d\u00f6d.<\/p>\n","protected":false},"excerpt":{"rendered":"Den i dag 27-\u00e5riga misst\u00e4nkta kvinnan greps efter att Lola f\u00f6rsvann i huvudstadens nord\u00f6stra delar f\u00f6r tre \u00e5r&hellip;\n","protected":false},"author":2,"featured_media":57842,"comment_status":"","ping_status":"","sticky":false,"template":"","format":"standard","meta":{"footnotes":""},"categories":[5],"tags":[22,23,26,27,17,21,24,25,28,29,15,16,18,34,31,33,32,30,19,20],"class_list":{"0":"post-57841","1":"post","2":"type-post","3":"status-publish","4":"format-standard","5":"has-post-thumbnail","7":"category-rubriker","8":"tag-breaking-news","9":"tag-breakingnews","10":"tag-featured-news","11":"tag-featurednews","12":"tag-headlines","13":"tag-huvudnyheter","14":"tag-latest-news","15":"tag-latestnews","16":"tag-main-news","17":"tag-mainnews","18":"tag-news","19":"tag-nyheter","20":"tag-rubriker","21":"tag-se","22":"tag-svenska","23":"tag-sverige","24":"tag-sweden","25":"tag-swedish","26":"tag-top-stories","27":"tag-topstories"},"share_on_mastodon":{"url":"","error":""},"_links":{"self":[{"href":"https:\/\/www.europesays.com\/se\/wp-json\/wp\/v2\/posts\/57841","targetHints":{"allow":["GET"]}}],"collection":[{"href":"https:\/\/www.europesays.com\/se\/wp-json\/wp\/v2\/posts"}],"about":[{"href":"https:\/\/www.europesays.com\/se\/wp-json\/wp\/v2\/types\/post"}],"author":[{"embeddable":true,"href":"https:\/\/www.europesays.com\/se\/wp-json\/wp\/v2\/users\/2"}],"replies":[{"embeddable":true,"href":"https:\/\/www.europesays.com\/se\/wp-json\/wp\/v2\/comments?post=57841"}],"version-history":[{"count":0,"href":"https:\/\/www.europesays.com\/se\/wp-json\/wp\/v2\/posts\/57841\/revisions"}],"wp:featuredmedia":[{"embeddable":true,"href":"https:\/\/www.europesays.com\/se\/wp-json\/wp\/v2\/media\/57842"}],"wp:attachment":[{"href":"https:\/\/www.europesays.com\/se\/wp-json\/wp\/v2\/media?parent=57841"}],"wp:term":[{"taxonomy":"category","embeddable":true,"href":"https:\/\/www.europesays.com\/se\/wp-json\/wp\/v2\/categories?post=57841"},{"taxonomy":"post_tag","embeddable":true,"href":"https:\/\/www.europesays.com\/se\/wp-json\/wp\/v2\/tags?post=57841"}],"curies":[{"name":"wp","href":"https:\/\/api.w.org\/{rel}","templated":true}]}}