{"id":57843,"date":"2025-10-17T10:53:14","date_gmt":"2025-10-17T10:53:14","guid":{"rendered":"https:\/\/www.europesays.com\/se\/57843\/"},"modified":"2025-10-17T10:53:14","modified_gmt":"2025-10-17T10:53:14","slug":"en-lattnad-for-hela-sverige-att-jdt-fick-sparken-proletaren","status":"publish","type":"post","link":"https:\/\/www.europesays.com\/se\/57843\/","title":{"rendered":"En l\u00e4ttnad f\u00f6r hela Sverige att JDT fick sparken \u2013 Prolet\u00e4ren"},"content":{"rendered":"<p>Om ni har f\u00f6ljt svenska herrlandslaget i VM-kvalet s\u00e5 vet ni vilken katastrof det \u00e4r. Fr\u00e5n kemin till spelet, allting saknas \u2013 fr\u00e5n tr\u00e4nare till spelare.<\/p>\n<p>F\u00f6rbundskaptenen Jon Dahl Tomasson fick till slut sparken i veckan. Han blev rekryterad av moderaten Fredrik Reinfeldt, tidigare svensk statsminister, som d\u00e5 var ordf\u00f6rande f\u00f6r svenska fotbollsf\u00f6rbundet. Det kanske s\u00e4ger en del?<\/p>\n<p><strong>Att JDT till slut fick<\/strong> sparken var en l\u00e4ttnad f\u00f6r hela landet. Vi har bland de b\u00e4sta spelarna i Europa och den dyraste spelaren i Premier Leagues historia, Alexander Isak, men han lyckas \u00e4nd\u00e5 inte g\u00f6ra n\u00e5gra framsteg.<\/p>\n<p>Laguppst\u00e4llningen ser bra ut med tv\u00e5 anfallare, Viktor Gy\u00f6keres och Alexander Isak, som nog kan vara den b\u00e4sta anfallslinjen i v\u00e4rlden. Men kemin saknas! De tar inte sina chanser och spelar inte som ett lag. I mina \u00f6gon ser det ut som det f\u00f6r dem handlar om vem som spelar b\u00e4st personligen, och inte<strong> <\/strong>hur de spelar som lag.<\/p>\n<p>Bara titta p\u00e5 f\u00f6rlusterna mot Kosovo b\u00e5de hemma och borta. Det \u00e4r s\u00e5 sk\u00e4mmigt att det inte g\u00e5r att f\u00f6rklara. Och 0-2 mot Schweiz, som \u00e5tminstone borde blivit lika.<\/p>\n<p><strong>Sverige spelade utm\u00e4rkt<\/strong> i Nations League tidigare i \u00e5r och vann gruppspelet, vilket ger oss en extra livlina  i VM-kvalet men det \u00e4r os\u00e4kert om det hj\u00e4lper.<\/p>\n<p>Jon Dahl Tomasson har m\u00e5nga m\u00f6jliga ers\u00e4ttare. Den som varit \u00f6ppnast med att han vill ha jobbet \u00e4r Graham Potter, \u00d6stersunds FK:s f\u00f6re detta tr\u00e4nare, som s\u00e4ger att han i s\u00e5 fall ska g\u00f6ra sitt b\u00e4sta f\u00f6r att f\u00e5 Sverige till VM.\u00a0<\/p>\n<p>Jag tycker de borde satsa p\u00e5 mer tr\u00e4ningar tillsammans och verkligen tr\u00e4na som lag, f\u00f6r att bygga kemi och samarbete. Men det \u00e5terst\u00e5r att se vad en ny f\u00f6rbundskapten lyckas f\u00e5 fram. S\u00e5 katastrofalt som herrlandslaget spelat hittills kan det i alla fall knappast bli s\u00e4mre.<\/p>\n<p><strong>Elias Kilner<\/strong><br \/>Praktikant p\u00e5 Prolet\u00e4ren, elev i \u00e5rskurs 9 p\u00e5 Sannaskolan i G\u00f6teborg.<\/p>\n","protected":false},"excerpt":{"rendered":"Om ni har f\u00f6ljt svenska herrlandslaget i VM-kvalet s\u00e5 vet ni vilken katastrof det \u00e4r. Fr\u00e5n kemin till&hellip;\n","protected":false},"author":2,"featured_media":57844,"comment_status":"","ping_status":"","sticky":false,"template":"","format":"standard","meta":{"footnotes":""},"categories":[68],"tags":[34,111,110,31,33,32,30],"class_list":{"0":"post-57843","1":"post","2":"type-post","3":"status-publish","4":"format-standard","5":"has-post-thumbnail","7":"category-sport","8":"tag-se","9":"tag-sport","10":"tag-sports","11":"tag-svenska","12":"tag-sverige","13":"tag-sweden","14":"tag-swedish"},"share_on_mastodon":{"url":"","error":""},"_links":{"self":[{"href":"https:\/\/www.europesays.com\/se\/wp-json\/wp\/v2\/posts\/57843","targetHints":{"allow":["GET"]}}],"collection":[{"href":"https:\/\/www.europesays.com\/se\/wp-json\/wp\/v2\/posts"}],"about":[{"href":"https:\/\/www.europesays.com\/se\/wp-json\/wp\/v2\/types\/post"}],"author":[{"embeddable":true,"href":"https:\/\/www.europesays.com\/se\/wp-json\/wp\/v2\/users\/2"}],"replies":[{"embeddable":true,"href":"https:\/\/www.europesays.com\/se\/wp-json\/wp\/v2\/comments?post=57843"}],"version-history":[{"count":0,"href":"https:\/\/www.europesays.com\/se\/wp-json\/wp\/v2\/posts\/57843\/revisions"}],"wp:featuredmedia":[{"embeddable":true,"href":"https:\/\/www.europesays.com\/se\/wp-json\/wp\/v2\/media\/57844"}],"wp:attachment":[{"href":"https:\/\/www.europesays.com\/se\/wp-json\/wp\/v2\/media?parent=57843"}],"wp:term":[{"taxonomy":"category","embeddable":true,"href":"https:\/\/www.europesays.com\/se\/wp-json\/wp\/v2\/categories?post=57843"},{"taxonomy":"post_tag","embeddable":true,"href":"https:\/\/www.europesays.com\/se\/wp-json\/wp\/v2\/tags?post=57843"}],"curies":[{"name":"wp","href":"https:\/\/api.w.org\/{rel}","templated":true}]}}