{"id":57857,"date":"2025-10-17T11:09:07","date_gmt":"2025-10-17T11:09:07","guid":{"rendered":"https:\/\/www.europesays.com\/se\/57857\/"},"modified":"2025-10-17T11:09:07","modified_gmt":"2025-10-17T11:09:07","slug":"17-oktober-12-30-polisinsats-kommendering-norrkoping","status":"publish","type":"post","link":"https:\/\/www.europesays.com\/se\/57857\/","title":{"rendered":"17 oktober 12.30, Polisinsats\/kommendering, Norrk\u00f6ping"},"content":{"rendered":"<p>I morgon klockan 15:00 tar IFK Norrk\u00f6ping emot g\u00e4stande Malm\u00f6 FF i Allsvenskan p\u00e5 Platinumcars Arena. Mycket folk kommer att vara i r\u00f6relse i stan och runt arenan inf\u00f6r samt efter matchen. Matchen kommer att inneb\u00e4ra trafikp\u00e5verkan p\u00e5 gator vid arenan, l\u00e4ngs S\u00f6dra promenaden och ner mot resecentrum. Det kan ta lite l\u00e4ngre tid \u00e4n vanligt att ta sig fram. Har du m\u00f6jlighet kan det vara bra att l\u00e4mna bilen hemma och ist\u00e4llet g\u00e5, cykla eller \u00e5ka kollektivt till och fr\u00e5n arenan.<\/p>\n<p>En del platser i centrala Norrk\u00f6ping kan tidvis komma att sp\u00e4rras av f\u00f6r att minska risken f\u00f6r ordningsst\u00f6rningar. Polisen kommer \u00e4ven att ha UAS (dr\u00f6nare) aktiva i anslutning till arenan f\u00f6r att ha en bra \u00f6verblick fr\u00e5n luften.<\/p>\n<p>Vi vill p\u00e5minna om att anv\u00e4ndandet av pyroteknik \u00e4r olagligt. Dessutom \u00e4r \u00e4ven maskering vid idrottsevenemang f\u00f6rbjudet enligt lag. Om r\u00e5dande lagar och regler inte efterf\u00f6ljs, och man deltar i brottsliga handlingar eller andra ordningsst\u00f6rningar i samband med matchen, riskerar man att bli lagf\u00f6rd och delgiven tilltr\u00e4desf\u00f6rbud till framtida idrottsevenemang.\u00a0<\/p>\n<p>Polisen arbetar f\u00f6r att se till att det blir en trivsam och s\u00e4ker tillst\u00e4llning f\u00f6r alla bes\u00f6kare.<\/p>\n","protected":false},"excerpt":{"rendered":"I morgon klockan 15:00 tar IFK Norrk\u00f6ping emot g\u00e4stande Malm\u00f6 FF i Allsvenskan p\u00e5 Platinumcars Arena. Mycket folk&hellip;\n","protected":false},"author":2,"featured_media":54,"comment_status":"","ping_status":"","sticky":false,"template":"","format":"standard","meta":{"footnotes":""},"categories":[68],"tags":[34,111,110,31,33,32,30],"class_list":{"0":"post-57857","1":"post","2":"type-post","3":"status-publish","4":"format-standard","5":"has-post-thumbnail","7":"category-sport","8":"tag-se","9":"tag-sport","10":"tag-sports","11":"tag-svenska","12":"tag-sverige","13":"tag-sweden","14":"tag-swedish"},"share_on_mastodon":{"url":"","error":""},"_links":{"self":[{"href":"https:\/\/www.europesays.com\/se\/wp-json\/wp\/v2\/posts\/57857","targetHints":{"allow":["GET"]}}],"collection":[{"href":"https:\/\/www.europesays.com\/se\/wp-json\/wp\/v2\/posts"}],"about":[{"href":"https:\/\/www.europesays.com\/se\/wp-json\/wp\/v2\/types\/post"}],"author":[{"embeddable":true,"href":"https:\/\/www.europesays.com\/se\/wp-json\/wp\/v2\/users\/2"}],"replies":[{"embeddable":true,"href":"https:\/\/www.europesays.com\/se\/wp-json\/wp\/v2\/comments?post=57857"}],"version-history":[{"count":0,"href":"https:\/\/www.europesays.com\/se\/wp-json\/wp\/v2\/posts\/57857\/revisions"}],"wp:featuredmedia":[{"embeddable":true,"href":"https:\/\/www.europesays.com\/se\/wp-json\/wp\/v2\/media\/54"}],"wp:attachment":[{"href":"https:\/\/www.europesays.com\/se\/wp-json\/wp\/v2\/media?parent=57857"}],"wp:term":[{"taxonomy":"category","embeddable":true,"href":"https:\/\/www.europesays.com\/se\/wp-json\/wp\/v2\/categories?post=57857"},{"taxonomy":"post_tag","embeddable":true,"href":"https:\/\/www.europesays.com\/se\/wp-json\/wp\/v2\/tags?post=57857"}],"curies":[{"name":"wp","href":"https:\/\/api.w.org\/{rel}","templated":true}]}}