{"id":57865,"date":"2025-10-17T11:18:07","date_gmt":"2025-10-17T11:18:07","guid":{"rendered":"https:\/\/www.europesays.com\/se\/57865\/"},"modified":"2025-10-17T11:18:07","modified_gmt":"2025-10-17T11:18:07","slug":"banderoll-pa-mffs-traning-infor-matchen-mot-norrkoping","status":"publish","type":"post","link":"https:\/\/www.europesays.com\/se\/57865\/","title":{"rendered":"Banderoll p\u00e5 MFF:s tr\u00e4ning inf\u00f6r matchen mot Norrk\u00f6ping"},"content":{"rendered":"<p>Publicerad 17 okt 2025 kl 12.10Uppdaterad kl 12.59<\/p>\n<p>Malm\u00f6 FF laddar f\u00f6r den fortsatta jakten p\u00e5 allsvensk tredjeplats.<\/p>\n<p>Ett tydligt budskap m\u00f6tte spelarna vid tr\u00e4ningsplanen:\u00a0<\/p>\n<p>\u201dVakna Malm\u00f6!\u201d<\/p>\n<p><img   alt=\"\"\/><\/p>\n<p>\u201dVakna Malm\u00f6\u201d stod det p\u00e5 fansens banderoll.<\/p>\n<p>Foto: Johan Dolck Wall<\/p>\n<p>\u00d6ppna bild i helsk\u00e4rm<img loading=\"lazy\"   alt=\"\"\/><\/p>\n<p>MFF har det tufft i allsvenskan. Innan landslagsuppeh\u00e5llet f\u00f6ll man med 1-5 mot Sirius.<\/p>\n<p>Foto: TOBIAS STERNER \/ BILDBYR\u00c5N<\/p>\n<p>\u00d6ppna bild i helsk\u00e4rm<\/p>\n<p>Med bara en seger p\u00e5 de sex senaste allsvenska matcherna, och tv\u00e5 raka f\u00f6rluster i Europa Leagues ligafas, \u00e4r <a href=\"https:\/\/www.expressen.se\/tagg\/organization\/malmo-ff\/\" class=\"\" rel=\"nofollow noopener\" target=\"_blank\">Malm\u00f6 FF<\/a> stukat. Laget har under de senaste m\u00e5naderna buats ut kraftigt efter matcher och kaptenen Pontus Jansson har vid flera tillf\u00e4llen varit framme vid klacken f\u00f6r att ta emot h\u00e5rda ord i krisen.<\/p>\n<p>Nu har kraven \u00e4ven n\u00e5tt tr\u00e4ningsplanen.<\/p>\n<p>P\u00e5 st\u00e4ngslet som omg\u00e4rdar gr\u00e4set p\u00e5 planen vid sidan av Eleda stadion har n\u00e5gon eller n\u00e5gra sp\u00e4nt upp en banderoll med texten \u201dVakna Malm\u00f6!\u201d<\/p>\n<p>\u2013 Man f\u00f6rst\u00e5r. Vi \u00e4r st\u00f6rsta laget i Sverige. Ett av de st\u00f6rsta i Skandinavien. Vi vil alltid vinna. Vi har inte gjort det bra. Inte spelat bra, s\u00e4ger Daniel Gudjohnsen.<\/p>\n<p>MFF:s fredagstr\u00e4ning h\u00f6lls hemma i Malm\u00f6 inf\u00f6r avf\u00e4rd till Norrk\u00f6ping p\u00e5 eftermiddagen. D\u00e4r v\u00e4ntar match mot Peking med start klockan 15.00 p\u00e5 l\u00f6rdagen.<\/p>\n<p>Med fyra omg\u00e5ngar kvar att spela ligger MFF sjua i allsvenskan. Upp till Gais p\u00e5 tredjeplats \u00e4r det tre po\u00e4ng.<\/p>\n","protected":false},"excerpt":{"rendered":"Publicerad 17 okt 2025 kl 12.10Uppdaterad kl 12.59 Malm\u00f6 FF laddar f\u00f6r den fortsatta jakten p\u00e5 allsvensk tredjeplats.&hellip;\n","protected":false},"author":2,"featured_media":57866,"comment_status":"","ping_status":"","sticky":false,"template":"","format":"standard","meta":{"footnotes":""},"categories":[68],"tags":[555,358,34,130,129,111,110,31,33,32,30],"class_list":{"0":"post-57865","1":"post","2":"type-post","3":"status-publish","4":"format-standard","5":"has-post-thumbnail","7":"category-sport","8":"tag-organization-allsvenskan","9":"tag-organization-malmo-ff","10":"tag-se","11":"tag-sections-allsvenskan","12":"tag-sections-fotboll","13":"tag-sport","14":"tag-sports","15":"tag-svenska","16":"tag-sverige","17":"tag-sweden","18":"tag-swedish"},"share_on_mastodon":{"url":"","error":""},"_links":{"self":[{"href":"https:\/\/www.europesays.com\/se\/wp-json\/wp\/v2\/posts\/57865","targetHints":{"allow":["GET"]}}],"collection":[{"href":"https:\/\/www.europesays.com\/se\/wp-json\/wp\/v2\/posts"}],"about":[{"href":"https:\/\/www.europesays.com\/se\/wp-json\/wp\/v2\/types\/post"}],"author":[{"embeddable":true,"href":"https:\/\/www.europesays.com\/se\/wp-json\/wp\/v2\/users\/2"}],"replies":[{"embeddable":true,"href":"https:\/\/www.europesays.com\/se\/wp-json\/wp\/v2\/comments?post=57865"}],"version-history":[{"count":0,"href":"https:\/\/www.europesays.com\/se\/wp-json\/wp\/v2\/posts\/57865\/revisions"}],"wp:featuredmedia":[{"embeddable":true,"href":"https:\/\/www.europesays.com\/se\/wp-json\/wp\/v2\/media\/57866"}],"wp:attachment":[{"href":"https:\/\/www.europesays.com\/se\/wp-json\/wp\/v2\/media?parent=57865"}],"wp:term":[{"taxonomy":"category","embeddable":true,"href":"https:\/\/www.europesays.com\/se\/wp-json\/wp\/v2\/categories?post=57865"},{"taxonomy":"post_tag","embeddable":true,"href":"https:\/\/www.europesays.com\/se\/wp-json\/wp\/v2\/tags?post=57865"}],"curies":[{"name":"wp","href":"https:\/\/api.w.org\/{rel}","templated":true}]}}