{"id":57878,"date":"2025-10-17T11:30:07","date_gmt":"2025-10-17T11:30:07","guid":{"rendered":"https:\/\/www.europesays.com\/se\/57878\/"},"modified":"2025-10-17T11:30:07","modified_gmt":"2025-10-17T11:30:07","slug":"diktatorns-stodtill-putin-okantvapen-dyker-upp-varlden","status":"publish","type":"post","link":"https:\/\/www.europesays.com\/se\/57878\/","title":{"rendered":"Diktatorns st\u00f6d\ntill Putin \u2013 ok\u00e4nt\nvapen dyker upp | V\u00e4rlden"},"content":{"rendered":"<p>En tidigare ok\u00e4nd typ av nordkoreansk klusterammunition.<\/p>\n<p>Det hittades i s\u00f6dra Ukraina i samband med att oberoende utredare bes\u00f6kte landet f\u00f6rra veckan, rapporterar <a href=\"https:\/\/www.nytimes.com\/2025\/10\/16\/us\/politics\/russia-north-korean-cluster-weapons.html\" rel=\"nofollow noopener\" target=\"_blank\">New York Times.<\/a><\/p>\n<p>Det kan tolkas som att Pyongyang trappar upp st\u00f6det till Moskva.<\/p>\n<p><img   alt=\"\"\/><\/p>\n<p>Rysslands president Vladimir Putom och Nordkoreas ledare Kim Jong-Un i Peking i september.<\/p>\n<p>Foto: AP \/ AP TT NYHETSBYR\u00c5N<\/p>\n<p>\u00d6ppna bild i helsk\u00e4rm<img loading=\"lazy\"   alt=\"\"\/> <\/p>\n<p>Foto: Evgeniy Maloletka \/ TT NYHETSBYR\u00c5N<\/p>\n<p>\u00d6ppna bild i helsk\u00e4rm<\/p>\n<p>Ammunitionen hade monterats p\u00e5 en typ av rysk dr\u00f6nare som kan lives\u00e4nda fr\u00e5n luften, vilket g\u00f6r den l\u00e4ttare f\u00f6r operat\u00f6ren att styra, och anv\u00e4ndes i en attack n\u00e4ra staden Cherson i slutet av september.<\/p>\n<p>Klustervapen, eller klusterammunition, \u00f6ppnar sig i luften och sprider ut en stor m\u00e4ngd mindre delar vilket g\u00f6r det sv\u00e5rt att kontrollera vad och vilka som kommer tr\u00e4ffas.\u00a0<\/p>\n<p>Rapporten som New York Times tagit del av har publicerats av den brittiska gruppen Conflict Armament Research, som identifierar och sp\u00e5rar vapen som anv\u00e4nts i krig och v\u00e4pnade konflikter.<\/p>\n<p>Den \u00e4r oberoende men har bjudits in till Ukraina av Kiev f\u00f6r att ryska vapen och krigsmateriel ska dokumenteras och analyseras.\u00a0<\/p>\n<p>25 \u00e5r gammal \u2013 men ombyggd<\/p>\n<p>I det h\u00e4r fallet visar m\u00e4rkningar p\u00e5 klusterammunitionen att den tillverkades f\u00f6r 25 \u00e5r sedan \u2013 \u00e5r 2000, skriver New York Times. Men den har kraftigt modifierats och bland annat f\u00e5tt nya 3D-printade delar och en ny t\u00e4ndanordning.\u00a0<\/p>\n<p>En \u201dsystematisk form av improvisation\u201d, menar gruppen.\u00a0<\/p>\n<p>\u2013 De 3D-printade delarna har designats och byggts specifikt f\u00f6r det h\u00e4r \u00e4ndam\u00e5let, vilket tyder p\u00e5 en mer avancerad insats, s\u00e4ger utredaren Damien Spleeters.\u00a0<\/p>\n<p>Nordkoreas tunga roll \u00a0<\/p>\n<p><a href=\"https:\/\/www.expressen.se\/tagg\/location\/nordkorea\/\" class=\"\" rel=\"nofollow noopener\" target=\"_blank\">Nordkorea<\/a> \u00e4r ett av l\u00e4nderna som spelat tung roll f\u00f6r att p\u00e5 olika s\u00e4tt hj\u00e4lpa Ryssland i kriget rent milit\u00e4rt.\u00a0<\/p>\n<p>Pyongyang <a href=\"https:\/\/www.expressen.se\/nyheter\/varlden\/kim-jong-un-hyllar-soldater-som-stred-for-ryssland\/\" rel=\"nofollow noopener\" target=\"_blank\">har skickat b\u00e5de soldater<\/a> och <a href=\"https:\/\/www.expressen.se\/nyheter\/varlden\/nordkoreas-miljardaffar-for-vapen-till-ryssland\/\" rel=\"nofollow noopener\" target=\"_blank\">robotar.\u00a0<\/a><\/p>\n<p>Men det h\u00e4r \u00e4r en typ av ammunition man inte sett tidigare. Det tolkas som att Nordkorea trappar upp sitt milit\u00e4ra st\u00f6d till Ryssland, skriver New York Times.\u00a0<\/p>\n<p>Putin och Trump ska tr\u00e4ffas\u00a0<\/p>\n<p>P\u00e5 fredag kv\u00e4ll, svensk tid, <a href=\"https:\/\/www.expressen.se\/nyheter\/expressen-direkt\/?post=86e675b1-fd94-4985-bf2f-533a111ff189\" rel=\"nofollow noopener\" target=\"_blank\">m\u00f6ts USA:s president Donald Trump och Ukrainas dito Volodymyr Zelenskyj i Washington. <\/a>D\u00e5 st\u00e5r bland de amerikanska Tomahawk-robotarna, som skulle kunna ge Ukraina f\u00f6rm\u00e5ga att sl\u00e5 djupt in i Ryssland, p\u00e5 agendan.\u00a0<\/p>\n<p>Inf\u00f6r det h\u00f6ll Trump p\u00e5 torsdagen ett l\u00e4ngre telefonsamtal med Rysslands president Vladimir Putin.\u00a0<\/p>\n<p>Trumps besked efter telefonsamtalet var att man n\u00e5tt \u201dstora framg\u00e5ngar\u201d och att han ska informera Zelenskyj om vad n\u00e4r de tv\u00e5 m\u00f6ts. Trump och Putin ska ocks\u00e5 ha enats om att tr\u00e4ffas igen \u2013 <a href=\"https:\/\/www.expressen.se\/nyheter\/varlden\/trump-liverapporterar-samtal-med-putin\/\" rel=\"nofollow noopener\" target=\"_blank\">\u201dtroligen\u201d i Ungerns huvudstad Budapest inom tv\u00e5 veckor.\u00a0<\/a><\/p>\n","protected":false},"excerpt":{"rendered":"En tidigare ok\u00e4nd typ av nordkoreansk klusterammunition. Det hittades i s\u00f6dra Ukraina i samband med att oberoende utredare&hellip;\n","protected":false},"author":2,"featured_media":57879,"comment_status":"","ping_status":"","sticky":false,"template":"","format":"standard","meta":{"footnotes":""},"categories":[14],"tags":[50,22,23,26,27,17,21,24,25,1132,274,202,28,29,15,276,16,18,34,55,31,33,32,30,19,60,49,20,51,52,53,54],"class_list":{"0":"post-57878","1":"post","2":"type-post","3":"status-publish","4":"format-standard","5":"has-post-thumbnail","7":"category-varlden","8":"tag-arme-forsvar","9":"tag-breaking-news","10":"tag-breakingnews","11":"tag-featured-news","12":"tag-featurednews","13":"tag-headlines","14":"tag-huvudnyheter","15":"tag-latest-news","16":"tag-latestnews","17":"tag-location-nordkorea","18":"tag-location-ryssland","19":"tag-location-ukraina","20":"tag-main-news","21":"tag-mainnews","22":"tag-news","23":"tag-newsstory-kriget-i-ukraina","24":"tag-nyheter","25":"tag-rubriker","26":"tag-se","27":"tag-sections-varlden","28":"tag-svenska","29":"tag-sverige","30":"tag-sweden","31":"tag-swedish","32":"tag-top-stories","33":"tag-topic-krig-konflikt","34":"tag-topic-militar","35":"tag-topstories","36":"tag-varlden","37":"tag-world","38":"tag-world-news","39":"tag-worldnews"},"share_on_mastodon":{"url":"","error":""},"_links":{"self":[{"href":"https:\/\/www.europesays.com\/se\/wp-json\/wp\/v2\/posts\/57878","targetHints":{"allow":["GET"]}}],"collection":[{"href":"https:\/\/www.europesays.com\/se\/wp-json\/wp\/v2\/posts"}],"about":[{"href":"https:\/\/www.europesays.com\/se\/wp-json\/wp\/v2\/types\/post"}],"author":[{"embeddable":true,"href":"https:\/\/www.europesays.com\/se\/wp-json\/wp\/v2\/users\/2"}],"replies":[{"embeddable":true,"href":"https:\/\/www.europesays.com\/se\/wp-json\/wp\/v2\/comments?post=57878"}],"version-history":[{"count":0,"href":"https:\/\/www.europesays.com\/se\/wp-json\/wp\/v2\/posts\/57878\/revisions"}],"wp:featuredmedia":[{"embeddable":true,"href":"https:\/\/www.europesays.com\/se\/wp-json\/wp\/v2\/media\/57879"}],"wp:attachment":[{"href":"https:\/\/www.europesays.com\/se\/wp-json\/wp\/v2\/media?parent=57878"}],"wp:term":[{"taxonomy":"category","embeddable":true,"href":"https:\/\/www.europesays.com\/se\/wp-json\/wp\/v2\/categories?post=57878"},{"taxonomy":"post_tag","embeddable":true,"href":"https:\/\/www.europesays.com\/se\/wp-json\/wp\/v2\/tags?post=57878"}],"curies":[{"name":"wp","href":"https:\/\/api.w.org\/{rel}","templated":true}]}}