{"id":57890,"date":"2025-10-17T11:40:18","date_gmt":"2025-10-17T11:40:18","guid":{"rendered":"https:\/\/www.europesays.com\/se\/57890\/"},"modified":"2025-10-17T11:40:18","modified_gmt":"2025-10-17T11:40:18","slug":"albin-ekdal-ser-ut-att-att-sluta-efter-sasongen","status":"publish","type":"post","link":"https:\/\/www.europesays.com\/se\/57890\/","title":{"rendered":"Albin Ekdal ser ut att att sluta efter s\u00e4songen"},"content":{"rendered":"<p>Publicerad 17 okt 2025 kl 12.38Uppdaterad kl 13.09<\/p>\n<p>Albin Ekdals kontrakt g\u00e5r ut med Djurg\u00e5rden.<\/p>\n<p>Nu ser det ut som att karri\u00e4ren \u00e4r \u00f6ver efter s\u00e4songen.<\/p>\n<p>\u2013\u00a0Jag kommer nog l\u00e4gga skorna p\u00e5 hyllan efter den h\u00e4r s\u00e4songen, s\u00e4ger mittf\u00e4ltaren.<\/p>\n<p><img   alt=\"\"\/><\/p>\n<p>Albin Ekdal.<\/p>\n<p>Foto: LUDVIG THUNMAN \/ BILDBYR\u00c5N<\/p>\n<p>\u00d6ppna bild i helsk\u00e4rm<img loading=\"lazy\"   alt=\"\"\/><\/p>\n<p>Albin Ekdal tackas av f\u00f6r sina insatser i landlaget.<\/p>\n<p>Foto: JOEL MARKLUND \/ BILDBYR\u00c5N<\/p>\n<p>\u00d6ppna bild i helsk\u00e4rm<\/p>\n<p>Albin Ekdal, 36, \u00e5terv\u00e4nde till allsvenskan efter en l\u00e5ng karri\u00e4r utomlands n\u00e4r han skrev p\u00e5 f\u00f6r Djurg\u00e5rden inf\u00f6r s\u00e4songen 2024. Ekdal spelade en hel del sitt f\u00f6rsta halv\u00e5r i klubben, men under f\u00f6rra h\u00f6sten och 2025 har speltiden blivit mindre f\u00f6r mittf\u00e4ltaren.<\/p>\n<p>Efter sommaren har det fr\u00e4mst blivit korta inhopp f\u00f6r mittf\u00e4ltaren.<\/p>\n<p>Albin Ekdals kontrakt g\u00e5r ut efter s\u00e4songen. Mycket pekar p\u00e5 att de fyra \u00e5terst\u00e5ende matcherna i allsvenskan blir det sista han g\u00f6r som fotbollsspelare.<\/p>\n<p>\u2013\u00a0Mitt kontrakt g\u00e5r ut. Jag har inte g\u00e5tt till Bosse (Andersson, sportchef) och bett om ett nytt. Jag kommer nog l\u00e4gga skorna p\u00e5 hyllan efter den h\u00e4r s\u00e4songen, s\u00e4ger Ekdal.\u00a0<\/p>\n<p>Albin Ekdal flyttade till Juventus som 19-\u00e5ring och har ut\u00f6ver det bland annat spelat f\u00f6r Bologna, Hamburg, Cagliari och Sampdoria. Han har gjort 70 landskamper f\u00f6r Sverige.\u00a0<\/p>\n<p>Men nu ser karri\u00e4ren allts\u00e5 ut att vara \u00f6ver.<\/p>\n<p>\u2013 F\u00f6r mig personligen \u00e4r den en v\u00e4ldigt stor grej n\u00e4r man levt med fotbollen sedan man var en liten kille, s\u00e4ger Albin Ekdal.<\/p>\n<p>\u2013\u00a0Jag hoppas skiftet fr\u00e5n fotbollsproffs till vanlig civil ska g\u00e5 sm\u00e4rtfritt. \u00a0Men det \u00e4r klart det kommer vara tungt. Men det k\u00e4nns som r\u00e4tt beslut.<\/p>\n","protected":false},"excerpt":{"rendered":"Publicerad 17 okt 2025 kl 12.38Uppdaterad kl 13.09 Albin Ekdals kontrakt g\u00e5r ut med Djurg\u00e5rden. Nu ser det&hellip;\n","protected":false},"author":2,"featured_media":57891,"comment_status":"","ping_status":"","sticky":false,"template":"","format":"standard","meta":{"footnotes":""},"categories":[5],"tags":[22,23,26,27,17,21,24,25,28,29,15,16,554,18,34,130,129,31,33,32,30,19,20],"class_list":{"0":"post-57890","1":"post","2":"type-post","3":"status-publish","4":"format-standard","5":"has-post-thumbnail","7":"category-rubriker","8":"tag-breaking-news","9":"tag-breakingnews","10":"tag-featured-news","11":"tag-featurednews","12":"tag-headlines","13":"tag-huvudnyheter","14":"tag-latest-news","15":"tag-latestnews","16":"tag-main-news","17":"tag-mainnews","18":"tag-news","19":"tag-nyheter","20":"tag-organization-djurgarden-fotboll","21":"tag-rubriker","22":"tag-se","23":"tag-sections-allsvenskan","24":"tag-sections-fotboll","25":"tag-svenska","26":"tag-sverige","27":"tag-sweden","28":"tag-swedish","29":"tag-top-stories","30":"tag-topstories"},"share_on_mastodon":{"url":"","error":""},"_links":{"self":[{"href":"https:\/\/www.europesays.com\/se\/wp-json\/wp\/v2\/posts\/57890","targetHints":{"allow":["GET"]}}],"collection":[{"href":"https:\/\/www.europesays.com\/se\/wp-json\/wp\/v2\/posts"}],"about":[{"href":"https:\/\/www.europesays.com\/se\/wp-json\/wp\/v2\/types\/post"}],"author":[{"embeddable":true,"href":"https:\/\/www.europesays.com\/se\/wp-json\/wp\/v2\/users\/2"}],"replies":[{"embeddable":true,"href":"https:\/\/www.europesays.com\/se\/wp-json\/wp\/v2\/comments?post=57890"}],"version-history":[{"count":0,"href":"https:\/\/www.europesays.com\/se\/wp-json\/wp\/v2\/posts\/57890\/revisions"}],"wp:featuredmedia":[{"embeddable":true,"href":"https:\/\/www.europesays.com\/se\/wp-json\/wp\/v2\/media\/57891"}],"wp:attachment":[{"href":"https:\/\/www.europesays.com\/se\/wp-json\/wp\/v2\/media?parent=57890"}],"wp:term":[{"taxonomy":"category","embeddable":true,"href":"https:\/\/www.europesays.com\/se\/wp-json\/wp\/v2\/categories?post=57890"},{"taxonomy":"post_tag","embeddable":true,"href":"https:\/\/www.europesays.com\/se\/wp-json\/wp\/v2\/tags?post=57890"}],"curies":[{"name":"wp","href":"https:\/\/api.w.org\/{rel}","templated":true}]}}