{"id":57903,"date":"2025-10-17T11:50:09","date_gmt":"2025-10-17T11:50:09","guid":{"rendered":"https:\/\/www.europesays.com\/se\/57903\/"},"modified":"2025-10-17T11:50:09","modified_gmt":"2025-10-17T11:50:09","slug":"tar-helikopter-till-tavlingen-begransar-skadan","status":"publish","type":"post","link":"https:\/\/www.europesays.com\/se\/57903\/","title":{"rendered":"Tar helikopter till t\u00e4vlingen: \u201dBegr\u00e4nsar skadan\u201d"},"content":{"rendered":"<p>share-arrowDela<\/p>\n<p>unsaveSpara<\/p>\n<p>expand-left<\/p>\n<p>helsk\u00e4rm<img decoding=\"async\" class=\"image-asset hyperion-css-u06ts1\" data-test-tag=\"image-asset\" src=\"https:\/\/www.europesays.com\/se\/wp-content\/uploads\/2025\/10\/0d67d40b-5e5f-420f-84ce-30b0e9768e73\"  alt=\"Sturla Holm L\u00e6greid f\u00e5r en helikoptertur till M\u00fcnchen. Arkivbild.\"  loading=\"eager\" fetchpriority=\"high\" style=\"aspect-ratio:1900 \/ 1267\"\/>Sturla Holm L\u00e6greid f\u00e5r en helikoptertur till M\u00fcnchen. Arkivbild. Foto: Javad Parsa\/NTB\/TT<\/p>\n<p class=\"hyperion-css-1shl3oz\" data-test-tag=\"lead-text\">Norska skidskyttelandslaget k\u00e4nner sig tvingade att t\u00e4vla p\u00e5 s\u00f6ndag. D\u00e5 g\u00f6r de avkall p\u00e5 sitt klimatarbete och tar helikopter till M\u00fcnchen.<\/p>\n<p class=\"hyperion-css-1shl3oz\" data-test-tag=\"lead-text\">\u2013 Det var enda s\u00e4ttet vi kunde begr\u00e4nsa skadan p\u00e5 v\u00e5rt h\u00f6jduppl\u00e4gg, s\u00e4ger \u00e5rets v\u00e4rldscupsegrare Sturla Holm L\u00e6greid.<\/p>\n<p class=\"hyperion-css-1v9qo5x\">P\u00e5 s\u00f6ndag avg\u00f6rs Internationella skidskyttef\u00f6rbundets (IBU) nya t\u00e4vling, en sprintt\u00e4vling p\u00e5 rullskidor i M\u00fcnchen, som man hoppas ska locka en bredare publik.<\/p>\n<p class=\"hyperion-css-1v9qo5x\">Att skidskyttarna \u00e4r mitt uppe i f\u00f6rberedelserna inf\u00f6r OS-s\u00e4songen har gjort att det inte varit helt l\u00e4tt att f\u00e5 de b\u00e4sta att komma.<\/p>\n<p class=\"hyperion-css-1v9qo5x\">Det norska landslaget \u00e4r p\u00e5 h\u00f6gh\u00f6jdsl\u00e4ger i Lavaz\u00e8 i Italien. F\u00f6r att inte tappa s\u00e5 mycket effekt p\u00e5 h\u00f6gh\u00f6jdsuppl\u00e4gget v\u00e4ljer man att ta helikopter, som tar en timme, i st\u00e4llet f\u00f6r att \u00e5ka bil som tar fem timmar och inneburit att \u00e5karna f\u00e5tt \u00e5ka redan p\u00e5 l\u00f6rdagen.<\/p>\n<p class=\"hyperion-css-1v9qo5x\">Kostnaden p\u00e5 14\u00a0000 euro betalas med \u00e5karnas startpengar p\u00e5 vardera 2\u00a0000 euro.<\/p>\n<p class=\"hyperion-css-1v9qo5x\">\u2013 Det h\u00e4r (t\u00e4vlandet) var inget jag ville till att b\u00f6rja med, men det \u00e4r OS-s\u00e4song och det g\u00f6r att vi k\u00e4nner oss tvungna till det av IBU. S\u00e5 det h\u00e4r (helikopter) var det enda s\u00e4ttet f\u00f6r att begr\u00e4nsa skadan p\u00e5 h\u00f6jduppl\u00e4gget, s\u00e4ger Sturla Holm L\u00e6greid till NRK.<\/p>\n<p class=\"hyperion-css-1v9qo5x\">Att \u00e5ka helikopter g\u00e5r stick i st\u00e4v med Norges skidskyttef\u00f6rbunds m\u00e5l om att minska p\u00e5 klimatavtrycket.<\/p>\n<p class=\"hyperion-css-1v9qo5x\">\u2013 Det \u00e4r en liten sur karamell att suga p\u00e5, s\u00e4ger L\u00e6greid.<\/p>\n<p class=\"hyperion-css-1v9qo5x\">Landslagschefen Per Arne Botnan s\u00e4ger till NRK att optimering av OS-s\u00e4songen g\u00e5r f\u00f6re klimat och h\u00e5llbarhet.<\/p>\n<p class=\"hyperion-css-1v9qo5x\">\u2013 Ja, i detta fall. Vi har gjort det vi kunnat tidigare i \u00e5r, s\u00e4ger han med tanke p\u00e5 klimatarbetet.<\/p>\n","protected":false},"excerpt":{"rendered":"share-arrowDela unsaveSpara expand-left helsk\u00e4rmSturla Holm L\u00e6greid f\u00e5r en helikoptertur till M\u00fcnchen. Arkivbild. Foto: Javad Parsa\/NTB\/TT Norska skidskyttelandslaget k\u00e4nner&hellip;\n","protected":false},"author":2,"featured_media":57904,"comment_status":"","ping_status":"","sticky":false,"template":"","format":"standard","meta":{"footnotes":""},"categories":[68],"tags":[34,111,110,31,33,32,30],"class_list":{"0":"post-57903","1":"post","2":"type-post","3":"status-publish","4":"format-standard","5":"has-post-thumbnail","7":"category-sport","8":"tag-se","9":"tag-sport","10":"tag-sports","11":"tag-svenska","12":"tag-sverige","13":"tag-sweden","14":"tag-swedish"},"share_on_mastodon":{"url":"","error":""},"_links":{"self":[{"href":"https:\/\/www.europesays.com\/se\/wp-json\/wp\/v2\/posts\/57903","targetHints":{"allow":["GET"]}}],"collection":[{"href":"https:\/\/www.europesays.com\/se\/wp-json\/wp\/v2\/posts"}],"about":[{"href":"https:\/\/www.europesays.com\/se\/wp-json\/wp\/v2\/types\/post"}],"author":[{"embeddable":true,"href":"https:\/\/www.europesays.com\/se\/wp-json\/wp\/v2\/users\/2"}],"replies":[{"embeddable":true,"href":"https:\/\/www.europesays.com\/se\/wp-json\/wp\/v2\/comments?post=57903"}],"version-history":[{"count":0,"href":"https:\/\/www.europesays.com\/se\/wp-json\/wp\/v2\/posts\/57903\/revisions"}],"wp:featuredmedia":[{"embeddable":true,"href":"https:\/\/www.europesays.com\/se\/wp-json\/wp\/v2\/media\/57904"}],"wp:attachment":[{"href":"https:\/\/www.europesays.com\/se\/wp-json\/wp\/v2\/media?parent=57903"}],"wp:term":[{"taxonomy":"category","embeddable":true,"href":"https:\/\/www.europesays.com\/se\/wp-json\/wp\/v2\/categories?post=57903"},{"taxonomy":"post_tag","embeddable":true,"href":"https:\/\/www.europesays.com\/se\/wp-json\/wp\/v2\/tags?post=57903"}],"curies":[{"name":"wp","href":"https:\/\/api.w.org\/{rel}","templated":true}]}}