{"id":57917,"date":"2025-10-17T12:03:06","date_gmt":"2025-10-17T12:03:06","guid":{"rendered":"https:\/\/www.europesays.com\/se\/57917\/"},"modified":"2025-10-17T12:03:06","modified_gmt":"2025-10-17T12:03:06","slug":"snochocken-ochsnart-kommer-mer","status":"publish","type":"post","link":"https:\/\/www.europesays.com\/se\/57917\/","title":{"rendered":"Sn\u00f6chocken \u2013 och\nsnart kommer mer"},"content":{"rendered":"<p>Publicerad 17 okt 2025 kl 13.17Uppdaterad kl 13.56<\/p>\n<p>Den f\u00f6rsta sn\u00f6n har fallit i V\u00e4rmland.<\/p>\n<p>En tillf\u00e4llig sn\u00f6chock \u2013 men n\u00e4sta vecka kan fler svenskar v\u00e4nta sig sn\u00f6.<\/p>\n<p>\u2013 P\u00e5 tisdag drar splittrad nederb\u00f6rd in \u00f6ver landet, s\u00e4ger meteorologen Johan Groth. \u00a0<\/p>\n<p><img   alt=\"\"\/><\/p>\n<p>Skidor? Njaa, kanske inte riktigt \u00e4n.<\/p>\n<p>Foto: HENRIK ISAKSSON \/ IBL<\/p>\n<p>\u00d6ppna bild i helsk\u00e4rm<img loading=\"lazy\"   alt=\"\"\/><\/p>\n<p>Riktigt s\u00e5h\u00e4r kallt blir det inte \u2013 men minusgrader kan vi snart v\u00e4nta oss.<\/p>\n<p>Foto: ANDERS WIKLUND \/ TT NYHETSBYR\u00c5N<\/p>\n<p>\u00d6ppna bild i helsk\u00e4rm<\/p>\n<p>H\u00f6st, sommar och vinter. Tre av fyra meteorologiska \u00e5rstider finns just nu i landet.<\/p>\n<p>L\u00e4ngst upp i norr har vintern gjort int\u00e5g. Men i delar av s\u00f6dra Sverige har sommaren fortfarande inte sl\u00e4ppt greppet.\u00a0<\/p>\n<p>Men det l\u00e4r den g\u00f6ra snart.\u00a0<\/p>\n<p>Meteorologiska \u00e5rstider<\/p>\n<p>VINTER: Vintern anl\u00e4nder om det r\u00e5der vintertemperatur fem dygn i f\u00f6ljd. Vintertemperatur \u00e4r det d\u00e5 dygnsmedeltemperaturen \u00e4r 0,0\u00b0C eller l\u00e4gre, men \u00e4nnu inte fem dygn i f\u00f6ljd.<\/p>\n<p>V\u00c5R: V\u00e5ren anl\u00e4nder om det r\u00e5der v\u00e5rtemperatur sju dygn i f\u00f6ljd. V\u00e5rtemperatur \u00e4r det d\u00e5 dygnsmedeltemperaturen \u00e4r \u00f6ver 0,0\u00b0C, men \u00e4nnu inte sju dygn i f\u00f6ljd. Kan ske som tidigast 15 februari, och som senast 31 juli.<\/p>\n<p>SOMMAR: Sommaren anl\u00e4nder om det r\u00e5der sommartemperatur fem dygn i f\u00f6ljd. Sommartemperatur \u00e4r det d\u00e5 dygnsmedeltemperaturen \u00e4r 10,0\u00b0C eller h\u00f6gre, men \u00e4nnu inte fem dygn i f\u00f6ljd.\u00a0<\/p>\n<p>H\u00d6ST: H\u00f6sten anl\u00e4nder om det r\u00e5der h\u00f6sttemperatur fem dygn i f\u00f6ljd. H\u00f6sttemperatur \u00e4r det d\u00e5 dygnsmedeltemperaturen \u00e4r under 10,0\u00b0C, men \u00e4nnu inte fem dygn i f\u00f6ljd. Kan ske som tidigast 1 augusti och som senast 14 februari.\u00a0<\/p>\n<p>K\u00e4lla: SMHI<\/p>\n<p>Visa mer<\/p>\n<p><strong>L\u00c4S MER:\u00a0<\/strong><\/p>\n<p><img loading=\"lazy\"   alt=\"\"\/><\/p>\n<p>Tre olika \u00e5rstider samtidigt i Sverige, den 16 oktober.<\/p>\n<p>Foto: SMHI<\/p>\n<p>\u00d6ppna bild i helsk\u00e4rm<\/p>\n<p>Natten mot fredag blev kylig i stora delar av landet. Norra <a href=\"https:\/\/www.expressen.se\/tagg\/location\/varmland\/\" class=\"\" rel=\"nofollow noopener\" target=\"_blank\">V\u00e4rmland<\/a> fick uppleva s\u00e4songens f\u00f6rsta sn\u00f6 n\u00e4r temperaturerna kl\u00e4ttrade ner under nollan.\u00a0<\/p>\n<p>\u2013 Det har varit ner mot sex minusgrader den g\u00e5ngna natten i norra V\u00e4rmland. Samtidigt r\u00f6rde sig en molnklump ner\u00e5t med nederb\u00f6rd, s\u00e4ger Johan Groth.<\/p>\n<p>Sn\u00f6t\u00e4cket l\u00e4r dock inte bli l\u00e5ngvarigt d\u00e5 sn\u00f6n v\u00e4ntas sm\u00e4lta bort under dagen.\u00a0<\/p>\n<p>\u2013 Det \u00e4r en tillf\u00e4llig historia, s\u00e4ger Groth.\u00a0<\/p>\n<p>Sn\u00f6 har redan hunnit falla i norra Norrland, framf\u00f6r allt i Lapplandsfj\u00e4llen.\u00a0<\/p>\n<p>H\u00e4r kan det sn\u00f6a n\u00e4sta vecka\u00a0<\/p>\n<p>Till helgen kommer ett litet h\u00f6gtryck r\u00f6ra sig in \u00f6ver landet och medf\u00f6ra n\u00e5got h\u00f6gre temperaturer, runt 10graders-strecket i s\u00f6dra halvan av Sverige.\u00a0<\/p>\n<p>Det g\u00e4ller att passa p\u00e5 att njuta av \u201dv\u00e4rmen\u201d. N\u00e4sta vecka bryts h\u00f6gtrycket upp. \u00c4ven om det inte r\u00f6r sig om en ordentlig k\u00f6ldkn\u00e4pp s\u00e5 kommer det bli svalare, och bl\u00f6tare.<\/p>\n<p>\u2013 P\u00e5 tisdag drar lite splittrad nederb\u00f6rd in \u00f6ver landet, och n\u00e4r den kommer kan det bli lite sn\u00f6 \u00e4ven i norra Dalarna och runtomkring d\u00e4r, s\u00e4ger Johan Groth.\u00a0<\/p>\n","protected":false},"excerpt":{"rendered":"Publicerad 17 okt 2025 kl 13.17Uppdaterad kl 13.56 Den f\u00f6rsta sn\u00f6n har fallit i V\u00e4rmland. En tillf\u00e4llig sn\u00f6chock&hellip;\n","protected":false},"author":2,"featured_media":57918,"comment_status":"","ping_status":"","sticky":false,"template":"","format":"standard","meta":{"footnotes":""},"categories":[12],"tags":[22,23,26,27,17,21,24,25,1097,28,29,15,16,18,34,281,31,33,32,30,19,20],"class_list":{"0":"post-57917","1":"post","2":"type-post","3":"status-publish","4":"format-standard","5":"has-post-thumbnail","7":"category-sverige","8":"tag-breaking-news","9":"tag-breakingnews","10":"tag-featured-news","11":"tag-featurednews","12":"tag-headlines","13":"tag-huvudnyheter","14":"tag-latest-news","15":"tag-latestnews","16":"tag-location-varmland","17":"tag-main-news","18":"tag-mainnews","19":"tag-news","20":"tag-nyheter","21":"tag-rubriker","22":"tag-se","23":"tag-sections-vader","24":"tag-svenska","25":"tag-sverige","26":"tag-sweden","27":"tag-swedish","28":"tag-top-stories","29":"tag-topstories"},"share_on_mastodon":{"url":"","error":""},"_links":{"self":[{"href":"https:\/\/www.europesays.com\/se\/wp-json\/wp\/v2\/posts\/57917","targetHints":{"allow":["GET"]}}],"collection":[{"href":"https:\/\/www.europesays.com\/se\/wp-json\/wp\/v2\/posts"}],"about":[{"href":"https:\/\/www.europesays.com\/se\/wp-json\/wp\/v2\/types\/post"}],"author":[{"embeddable":true,"href":"https:\/\/www.europesays.com\/se\/wp-json\/wp\/v2\/users\/2"}],"replies":[{"embeddable":true,"href":"https:\/\/www.europesays.com\/se\/wp-json\/wp\/v2\/comments?post=57917"}],"version-history":[{"count":0,"href":"https:\/\/www.europesays.com\/se\/wp-json\/wp\/v2\/posts\/57917\/revisions"}],"wp:featuredmedia":[{"embeddable":true,"href":"https:\/\/www.europesays.com\/se\/wp-json\/wp\/v2\/media\/57918"}],"wp:attachment":[{"href":"https:\/\/www.europesays.com\/se\/wp-json\/wp\/v2\/media?parent=57917"}],"wp:term":[{"taxonomy":"category","embeddable":true,"href":"https:\/\/www.europesays.com\/se\/wp-json\/wp\/v2\/categories?post=57917"},{"taxonomy":"post_tag","embeddable":true,"href":"https:\/\/www.europesays.com\/se\/wp-json\/wp\/v2\/tags?post=57917"}],"curies":[{"name":"wp","href":"https:\/\/api.w.org\/{rel}","templated":true}]}}