{"id":57938,"date":"2025-10-17T12:22:09","date_gmt":"2025-10-17T12:22:09","guid":{"rendered":"https:\/\/www.europesays.com\/se\/57938\/"},"modified":"2025-10-17T12:22:09","modified_gmt":"2025-10-17T12:22:09","slug":"fotboll-albin-ekdals-besked-kommer-nog-att-lagga-skorna-pa-hyllan","status":"publish","type":"post","link":"https:\/\/www.europesays.com\/se\/57938\/","title":{"rendered":"Fotboll: Albin Ekdals besked: \u201dKommer nog att l\u00e4gga skorna p\u00e5 hyllan\u201d"},"content":{"rendered":"<p>Under vintern 2024 valde Albin Ekdal, efter otaliga \u00e5r som utlandsproffs i framf\u00f6r allt Italien, att v\u00e4nda hem till Sverige och Djurg\u00e5rden. <\/p>\n<p>Men \u00e5terkomsten har inte blivit som han t\u00e4nkt, och mittf\u00e4ltaren har haft sv\u00e5rt att sl\u00e5 sig in i Bl\u00e5r\u00e4ndernas startelva.<\/p>\n<p>Nu sitter 36-\u00e5ringen p\u00e5 ett kontrakt som g\u00e5r ut efter s\u00e4songen, och f\u00f6r <a href=\"https:\/\/www.expressen.se\/sport\/fotboll\/allsvenskan\/albin-ekdal-ser-ut-att-sluta\/\" rel=\"nofollow noopener\" target=\"_blank\">Expressen<\/a> ber\u00e4ttar han att det varken ser ut att bli en f\u00f6rl\u00e4ngning av kontraktet eller karri\u00e4ren. <\/p>\n<p>\u2013 Mitt kontrakt g\u00e5r ut. Jag har inte g\u00e5tt till Bosse (Andersson, sportchef) och bett om ett nytt. Jag kommer nog l\u00e4gga skorna p\u00e5 hyllan efter den h\u00e4r s\u00e4songen, s\u00e4ger Ekdal.<\/p>\n<p>Totalt har det blivit 30 allsvenska framtr\u00e4danden, men bara totalt 1099 minuter. Det inneb\u00e4r ett snitt p\u00e5 drygt 36 minuter per match. <\/p>\n<p>Bofast i landslaget<\/p>\n<p>Albin Ekdal har 70 landskamper i det svenska landslaget, och har under ett flertal \u00e5r varit en bofast kugge p\u00e5 det svenska mittf\u00e4ltet. <\/p>\n<p>P\u00e5 klubblagsniv\u00e5 har han representerat klubbar som Juventus, Bologna och Cagliari. <\/p>\n","protected":false},"excerpt":{"rendered":"Under vintern 2024 valde Albin Ekdal, efter otaliga \u00e5r som utlandsproffs i framf\u00f6r allt Italien, att v\u00e4nda hem&hellip;\n","protected":false},"author":2,"featured_media":57939,"comment_status":"","ping_status":"","sticky":false,"template":"","format":"standard","meta":{"footnotes":""},"categories":[68],"tags":[34,111,110,31,33,32,30],"class_list":{"0":"post-57938","1":"post","2":"type-post","3":"status-publish","4":"format-standard","5":"has-post-thumbnail","7":"category-sport","8":"tag-se","9":"tag-sport","10":"tag-sports","11":"tag-svenska","12":"tag-sverige","13":"tag-sweden","14":"tag-swedish"},"share_on_mastodon":{"url":"","error":""},"_links":{"self":[{"href":"https:\/\/www.europesays.com\/se\/wp-json\/wp\/v2\/posts\/57938","targetHints":{"allow":["GET"]}}],"collection":[{"href":"https:\/\/www.europesays.com\/se\/wp-json\/wp\/v2\/posts"}],"about":[{"href":"https:\/\/www.europesays.com\/se\/wp-json\/wp\/v2\/types\/post"}],"author":[{"embeddable":true,"href":"https:\/\/www.europesays.com\/se\/wp-json\/wp\/v2\/users\/2"}],"replies":[{"embeddable":true,"href":"https:\/\/www.europesays.com\/se\/wp-json\/wp\/v2\/comments?post=57938"}],"version-history":[{"count":0,"href":"https:\/\/www.europesays.com\/se\/wp-json\/wp\/v2\/posts\/57938\/revisions"}],"wp:featuredmedia":[{"embeddable":true,"href":"https:\/\/www.europesays.com\/se\/wp-json\/wp\/v2\/media\/57939"}],"wp:attachment":[{"href":"https:\/\/www.europesays.com\/se\/wp-json\/wp\/v2\/media?parent=57938"}],"wp:term":[{"taxonomy":"category","embeddable":true,"href":"https:\/\/www.europesays.com\/se\/wp-json\/wp\/v2\/categories?post=57938"},{"taxonomy":"post_tag","embeddable":true,"href":"https:\/\/www.europesays.com\/se\/wp-json\/wp\/v2\/tags?post=57938"}],"curies":[{"name":"wp","href":"https:\/\/api.w.org\/{rel}","templated":true}]}}