{"id":57954,"date":"2025-10-17T12:39:13","date_gmt":"2025-10-17T12:39:13","guid":{"rendered":"https:\/\/www.europesays.com\/se\/57954\/"},"modified":"2025-10-17T12:39:13","modified_gmt":"2025-10-17T12:39:13","slug":"luca-guadagnino-ar-bioaktuell-igen-ar-jag-en-provokator-det-tycker-jag-inte","status":"publish","type":"post","link":"https:\/\/www.europesays.com\/se\/57954\/","title":{"rendered":"Luca Guadagnino \u00e4r bioaktuell igen: \u201c\u00c4r jag en provokat\u00f6r? Det tycker jag inte\u201d"},"content":{"rendered":"<p>H\u00e4romveckan drog den 63:e upplagan av <strong>New York Film Festival<\/strong> ig\u00e5ng med <strong>Luca Guadagninos \u201cAfter the Hunt\u201d<\/strong> som \u00f6ppningsfilm. Guadagnino, k\u00e4nd f\u00f6r filmer som \u201cQueer\u201d, \u201cSuspiria\u201d, och \u201dCall Me By Your Name\u201d, tacklar den h\u00e4r g\u00e5ngen ett akademiskt drama skrivet av <strong>Nora Garrett<\/strong>.<\/p>\n<p>Filmen \u00e4r satt i Yale d\u00e4r Alma Imhoff (Julia Roberts) \u00e4r en framg\u00e5ngsrik professor. Ut\u00e5t \u00e4r allt perfekt. Hon bor fint med sin k\u00e4rleksfulle make (Michael Stuhlbarg), samtidigt som hon har n\u00e5gon form av relation med kollegan Hank (Andrew Garfield). Studenter som Maggie (Ayo Edebiri) ser upp till henne, och bjuds in till tillst\u00e4llningar i hemmet med vin och filosofiska diskussioner. <\/p>\n<p>Men n\u00e4r Maggie anf\u00f6rtror henne att Hank g\u00e5tt \u00f6ver gr\u00e4nsen vet hon inte hur hon ska reagera, eller vem hon ska tro p\u00e5. Den perfekta ytan krackelerar\u2026<\/p>\n<p><img loading=\"lazy\" height=\"377\" width=\"648\" class=\"wp-image-702417 sp-no-webp perfmatters-lazy\" alt=\"\" decoding=\"async\" src=\"https:\/\/www.europesays.com\/se\/wp-content\/uploads\/2025\/10\/Julia-Roberts-648x377.jpg\"  data-\/> <\/p>\n<p>Efter filmvisningen anordnades presskonferens med regiss\u00f6r, manusf\u00f6rfattare, och sk\u00e5despelarna <strong>Julia Roberts<\/strong>, <strong>Ayo Edebiri<\/strong>, <strong>Andrew Garfield<\/strong>, och <strong>Michael Stuhlbarg<\/strong> p\u00e5 plats.<\/p>\n<p><strong>Hur kom filmen till?<\/strong><\/p>\n<p><strong>Guadagnino<\/strong>: Ett av de st\u00f6rsta n\u00f6jena i mitt liv \u00e4r att arbeta med briljanta f\u00f6rfattare som Nora. Och det h\u00e4r var en ganska snabb process. Jag l\u00e4ste manuset, Julia l\u00e4ste manuset, vi s\u00e5gs och best\u00e4mde oss f\u00f6r att k\u00f6ra.<\/p>\n<p>\u2013 Morgonen d\u00e4rp\u00e5 pratade jag mer ing\u00e5ende med Nora. Jag tror att n\u00e4r man f\u00e5r ett manus som \u00e4r s\u00e5 bra och s\u00e5 starkt, har man en plikt att se till att f\u00f6rkroppsligandet \u00e5terspeglas i manuset. Eftersom vi hade f\u00f6rm\u00e5nen att arbeta med en s\u00e5 otrolig ensemble, ville vi se till att varje karakt\u00e4r skulle bli s\u00e5 perfekt som m\u00f6jligt f\u00f6r var och en av dem att spela, s\u00e5 sk\u00e5despelarnas synpunkter var ocks\u00e5 viktiga.<\/p>\n<p><strong>Hur tacklar ni sk\u00e5despelare rollfigurer som inte \u00e4r helt sympatiska?<\/strong><\/p>\n<p><strong>Roberts<\/strong>: Allt som \u00e4r naturligt f\u00f6r Alma onaturligt f\u00f6r mig som m\u00e4nniska. S\u00e5 det var intressant att f\u00f6rs\u00f6ka hitta s\u00e4tt att komma in i rollen, och alla bitar f\u00f6ll verkligen p\u00e5 plats. Jag kunde uttrycka det inombords genom att hitta banden mellan var och en av sk\u00e5despelarnas karakt\u00e4rer, s\u00e4rskilt med Michael.\u00a0<\/p>\n<p>\u2013 Jag tror att Michael och hans s\u00e4tt att gestalta Frederik verkligen hj\u00e4lpte mig att lista ut hur jag skulle portr\u00e4ttera Alma p\u00e5 m\u00e5nga s\u00e4tt. Alla hj\u00e4lpte dock till. I grund och botten drog jag bara nytta av mina sk\u00e5despelarkollegor hela v\u00e4gen. Men det var komplicerat. Knepigt material, helt klart.<\/p>\n<p><img loading=\"lazy\" height=\"428\" width=\"648\" class=\"wp-image-702418 sp-no-webp perfmatters-lazy\" alt=\"\" decoding=\"async\" src=\"https:\/\/www.europesays.com\/se\/wp-content\/uploads\/2025\/10\/Ayo-Edebiri-648x428.jpg\"  data-\/> <\/p>\n<p><strong>Edebiri<\/strong>: Processen b\u00f6rjade f\u00f6r mig i och med f\u00f6rsta samtalet med Lucas. Jag k\u00e4nner ocks\u00e5 att Maggie p\u00e5 m\u00e5nga s\u00e4tt \u00e4r helt olik mig, s\u00e5 som hon uppf\u00f6r sig och hennes principer. Men jag var fascinerad. Vad var det som gjorde henne s\u00e5 motbjudande f\u00f6r mig? Jag var exalterad inf\u00f6r utmaningen att ta mig an det.\u00a0<\/p>\n<p><strong>Stuhlbarg<\/strong>: Jag b\u00f6rjar nog inte processen med n\u00e5gon id\u00e9 om att karakt\u00e4ren \u00e4r l\u00e4tt at lycka om eller ej. Det \u00e4r ett samarbete med dessa underbara m\u00e4nniskor. Jag fick en extraordin\u00e4r text att jobba med. Karakt\u00e4rerna h\u00e4r \u00e4r s\u00e5 enormt fokuserade, och s\u00e5 upptagna, och s\u00e5dana briljanta individer att jag inte tror att de ens t\u00e4nker p\u00e5 om folk tycker om dem, eller bryr sig.<\/p>\n<p>\u2013 De lever stimulerande liv, och det \u00e4r d\u00e4rf\u00f6r de g\u00f6r vad de g\u00f6r. Att d\u00f6ma dem s\u00e4ger lika mycket om de som d\u00f6mer, som om karakt\u00e4rerna sj\u00e4lva.\u00a0<\/p>\n<p><strong>Garfield<\/strong>: Det var kul! Ett gl\u00e4djefull upplevelse ledd av Luca och Julia. Och n\u00e4r man jobbar med material som unders\u00f6ker de m\u00f6rkare sidorna hos oss m\u00e4nniskor, sidor som vi inte g\u00e4rna vill k\u00e4nnas vid, d\u00e5 beh\u00f6ver vi s\u00e5 mycket gl\u00e4dje och st\u00f6d som m\u00f6jligt.<\/p>\n<p>\u2013 Jag tror att min karakt\u00e4r, Hank, \u00e4r v\u00e4ldigt medveten om konceptet att vara omtyckt eller ej, om vad v\u00e5r kultur kr\u00e4ver f\u00f6r att vara omtyckt. Han gillar att spela p\u00e5 de koncepten mellan sig sj\u00e4lv och andra m\u00e4nniskor.<\/p>\n<p>\u2013 Han \u00e4r en provokat\u00f6r som vissa g\u00e5nger \u00e4r extremt medveten om vad han g\u00f6r, och andra g\u00e5nger inte medveten alls. Det \u00e4r vackert skrivet och fint paketerat av Lucas som vill visa upp alla sidor av v\u00e5r m\u00e4nsklighet hur fina eller ofina de \u00e4n \u00e4r. S\u00e5 hela processen var en gemensam gl\u00e4djefylld, kreativ, befriande, och artistisk upplevelse.<\/p>\n<p><img loading=\"lazy\" height=\"418\" width=\"648\" class=\"wp-image-702419 sp-no-webp perfmatters-lazy\" alt=\"\" decoding=\"async\" src=\"https:\/\/www.europesays.com\/se\/wp-content\/uploads\/2025\/10\/Julia-Roberts-och-Andrew-Garfield-648x418.jpg\"  data-\/> <\/p>\n<p><strong>Diskuterade ni manuset med varandra?<\/strong><\/p>\n<p><strong>Garfield<\/strong>: Vi hade ett snabbt samtal innan vi b\u00f6rjade filma, jag och Ayo. Vi dansade runt temat lite och det hj\u00e4lpte oss f\u00f6r vi ville inte helt definiera vad som egentligen h\u00e4nt mellan oss. S\u00e5 jag har min egen uppfattning om den h\u00e4r ofattbara h\u00e4ndelsen.<\/p>\n<p>\u2013 Men vad \u00e4r det jag inte vet om den? Hur mycket \u00e4r undermedvetet? Det \u00e4r vad som g\u00f6r det sv\u00e5rt, roligt, exalterande, och horribelt. Det \u00e4r enda v\u00e4gen till l\u00e4kande f\u00f6r oss alla \u00e4r genom v\u00e5ra undermedvetna resor och drivkrafter.<\/p>\n<p><strong>Kan ni ber\u00e4tta lite om att anv\u00e4nda Yale snarare \u00e4n ett fiktivt universitet, och hur l\u00e5ngt ni gick f\u00f6r att g\u00f6ra det autentiskt?<\/strong><\/p>\n<p><strong>Garrett<\/strong>: Jag \u00e4r v\u00e4ldigt visuell och jag har bes\u00f6kt Yale n\u00e5gra g\u00e5nger. Vad som gjorde Yale intressant f\u00f6r mig \u00e4r att den ligger i New Haven. Det \u00e4r ett slott p\u00e5 en kulle i ett omr\u00e5de som inte har samma tillg\u00e5ng till privilegier och makt som inom Yales v\u00e4ggar.\u00a0 Det \u00e4r en stor skillnad. En m\u00e4ktig institution som kommer fr\u00e5n gamla pengar i en stad med ekonomiskt kaos. S\u00e5 det var intressant att se hur lite det lyckades sippra igenom Yales membran.<\/p>\n<p><strong>Guadagnino<\/strong>: N\u00e4r jag l\u00e4ste manuset och s\u00e5g att det handlade om Yale blev jag upprymd. F\u00f6r jag tycker om att behandla arketyper. Alla olika m\u00e4nniskor i det stora amerikanska landskapet. Ivy League-v\u00e4rlden \u00e4r s\u00e5pass viktig, f\u00f6r dem, men \u00e4ven f\u00f6r oss europ\u00e9er d\u00e5 \u00e4ven vi p\u00e5verkas.\u00a0<\/p>\n<p>\u2013 Ber\u00e4ttar man en historia f\u00f6rsatt till Yale f\u00e5r det en universell karakt\u00e4r med en infrastruktur som \u00e4r v\u00e4ldigt filmisk. Det \u00e4r en v\u00e4rld inom en v\u00e4rld. N\u00e4r Alma r\u00f6r sig utanf\u00f6r universitetet kolliderar dessa v\u00e4rldar.\u00a0<\/p>\n<p>\u2013 Vi skapade denna v\u00e4rld tillsammans med produktionsdesignern Stefano Baisi, som jag samarbetade med p\u00e5 \u201cQueer\u201d. Vi ville vara s\u00e4kra p\u00e5 att vi var sanningsenliga, s\u00e5 vi bokstavligen \u00e5terskapade Beinecke-biblioteket eller stora g\u00e5rden. Sedan uppt\u00e4ckte vi fler platser som som de h\u00e4r karakt\u00e4rerna skulle g\u00e5 till. Vi bad om tillst\u00e5nd att replikera platserna s\u00e5 allt ni ser \u00e4r verklighetens platser fast \u00e5terskapade med hj\u00e4lp av filmens magi.\u00a0<\/p>\n<p>\u2013 Det enda vi skapade sj\u00e4lva var Frederiks och Almas l\u00e4genhet. H\u00e4r t\u00e4nkte vi oss en plats att f\u00f6rmedla deras biografi. Man ser vilka de \u00e4r, vart de kommer ifr\u00e5n, deras maktpositioner och hemligheter. Vartenda rum har makt, hemligheter, och historia.<\/p>\n<p><strong>\u00c5terskapade ni det s\u00e5 noggrant f\u00f6r att hj\u00e4lpa karakt\u00e4rerna eller f\u00f6r att vara trofasta mot institutionen?<\/strong><\/p>\n<p><strong>Guadagnino<\/strong>: Det handlar om film! Jag har f\u00f6rs\u00f6kt g\u00f6ra film sedan barnsben och att leka med film \u00e4r vad jag \u00f6nskade av mitt liv och jag skattar mig lycklig \u00f6ver och \u00e4r stolt \u00f6ver att det \u00e4r s\u00e5 mitt liv blev. Att f\u00e5r arbeta med Julia och dessa sk\u00e5disar.\u00a0<\/p>\n<p>\u2013 Jag har en fantastisk studio bakom mig MGM som trodde p\u00e5 projektet vilket gav oss ber\u00e4ttigande. Att g\u00e5 in p\u00e5 detaljer b\u00e5de p\u00e5 bredden och djupet. Id\u00e9n att man kan skapa en ber\u00e4ttelse om makt och om vad sanning \u00e4r och leka med dessa koncept \u00e4r helt fantastiskt!<\/p>\n<p><img loading=\"lazy\" height=\"447\" width=\"648\" class=\"wp-image-702420 sp-no-webp perfmatters-lazy\" alt=\"\" decoding=\"async\" src=\"https:\/\/www.europesays.com\/se\/wp-content\/uploads\/2025\/10\/Luca-Guadagnino-648x447.jpg\"  data-\/> <\/p>\n<p><strong>Vad attraherar dig med att provocera?<\/strong><\/p>\n<p><strong>Guadagnino<\/strong>: Jag tycker jag \u00e4r en sn\u00e4ll kille (skratt). Jag tycker inte om att g\u00f6ra skandal bara f\u00f6r sakens skull. Det \u00e4r lite barnsligt vilket jag hoppas jag inte \u00e4r. Som artist vill man g\u00f6ra det man tycker om, och\u00a0 man str\u00e4var efter att g\u00f6ra det b\u00e4sta man kan. P\u00e5 alla s\u00e4tt fr\u00e5n hantverket till id\u00e9erna p\u00e5 filmen<\/p>\n<p>\u2013 Det slutliga klippet ligger hos publiken. Om man ser en film och somnar i tio minuter och sedan vaknar igen har man sett en annan film. Som publik har man f\u00f6rm\u00e5gan att f\u00f6rst\u00e5 filmen fr\u00e5n egna perspektiv, och det har jag den djupaste respekt f\u00f6r. S\u00e5 f\u00f6rst och fr\u00e4mst, innan allt annat, \u00e4r jag en publikmedlem.\u00a0<\/p>\n<p>\u2013 Jag v\u00e4xte upp som film\u00e4lskare. Film f\u00f6r mig \u00e4r en transformativ upplevelse. Den f\u00f6r\u00e4ndrar mig, och g\u00f6r att jag vill bli n\u00e5gonting annat. Den f\u00e5r mig att \u00e4ndra uppfattning om saker. Ibland provocerar den mig och f\u00e5r mig att k\u00e4nna mig obekv\u00e4m, men d\u00e5 fr\u00e5gar jag mig varf\u00f6r jag k\u00e4nner mig s\u00e5 obekv\u00e4m? Det \u00e4r konstens makt att framkalla s\u00e5dana saker.<\/p>\n<p>\u2013 S\u00e5 \u00e4r jag en provokat\u00f6r? Nej, det tycker jag inte. Me gillar jag att g\u00f6ra film som f\u00e5t publiken att k\u00e4nna n\u00e5got inf\u00f6r vad de ser? Ja, det g\u00f6r jag, v\u00e4ldigt v\u00e4ldigt mycket.<\/p>\n<p>\u201dAfter the Hunt\u201d sl\u00e4pps p\u00e5 svenska biografer idag, den 17:e oktober. <\/p>\n<p><img loading=\"lazy\" decoding=\"async\" alt=\"YouTube video\" width=\"480\" height=\"360\" data-pin-nopin=\"true\" nopin=\"nopin\" class=\"perfmatters-lazy\" src=\"https:\/\/www.europesays.com\/se\/wp-content\/uploads\/2025\/08\/1756626780_35_hqdefault.jpg\"\/><\/p>\n","protected":false},"excerpt":{"rendered":"H\u00e4romveckan drog den 63:e upplagan av New York Film Festival ig\u00e5ng med Luca Guadagninos \u201cAfter the Hunt\u201d som&hellip;\n","protected":false},"author":2,"featured_media":57955,"comment_status":"","ping_status":"","sticky":false,"template":"","format":"standard","meta":{"footnotes":""},"categories":[67],"tags":[104,34,31,33,32,30,105],"class_list":{"0":"post-57954","1":"post","2":"type-post","3":"status-publish","4":"format-standard","5":"has-post-thumbnail","7":"category-underhallning","8":"tag-entertainment","9":"tag-se","10":"tag-svenska","11":"tag-sverige","12":"tag-sweden","13":"tag-swedish","14":"tag-underhallning"},"share_on_mastodon":{"url":"","error":""},"_links":{"self":[{"href":"https:\/\/www.europesays.com\/se\/wp-json\/wp\/v2\/posts\/57954","targetHints":{"allow":["GET"]}}],"collection":[{"href":"https:\/\/www.europesays.com\/se\/wp-json\/wp\/v2\/posts"}],"about":[{"href":"https:\/\/www.europesays.com\/se\/wp-json\/wp\/v2\/types\/post"}],"author":[{"embeddable":true,"href":"https:\/\/www.europesays.com\/se\/wp-json\/wp\/v2\/users\/2"}],"replies":[{"embeddable":true,"href":"https:\/\/www.europesays.com\/se\/wp-json\/wp\/v2\/comments?post=57954"}],"version-history":[{"count":0,"href":"https:\/\/www.europesays.com\/se\/wp-json\/wp\/v2\/posts\/57954\/revisions"}],"wp:featuredmedia":[{"embeddable":true,"href":"https:\/\/www.europesays.com\/se\/wp-json\/wp\/v2\/media\/57955"}],"wp:attachment":[{"href":"https:\/\/www.europesays.com\/se\/wp-json\/wp\/v2\/media?parent=57954"}],"wp:term":[{"taxonomy":"category","embeddable":true,"href":"https:\/\/www.europesays.com\/se\/wp-json\/wp\/v2\/categories?post=57954"},{"taxonomy":"post_tag","embeddable":true,"href":"https:\/\/www.europesays.com\/se\/wp-json\/wp\/v2\/tags?post=57954"}],"curies":[{"name":"wp","href":"https:\/\/api.w.org\/{rel}","templated":true}]}}