{"id":57958,"date":"2025-10-17T12:41:13","date_gmt":"2025-10-17T12:41:13","guid":{"rendered":"https:\/\/www.europesays.com\/se\/57958\/"},"modified":"2025-10-17T12:41:13","modified_gmt":"2025-10-17T12:41:13","slug":"lundin-mining-flaggar-for-positiv-intaktspaverkan-i-q3-och-resultatsmall-fran-derivatkontrakt","status":"publish","type":"post","link":"https:\/\/www.europesays.com\/se\/57958\/","title":{"rendered":"Lundin Mining flaggar f\u00f6r positiv int\u00e4ktsp\u00e5verkan i Q3, och resultatsm\u00e4ll fr\u00e5n derivatkontrakt"},"content":{"rendered":"<p>&#13;<br \/>\n                        D\u00e4rut\u00f6ver v\u00e4ntas int\u00e4kterna under tredje kvartalet p\u00e5verkas av en tidsf\u00f6rskjutning mellan produktions- och leveransdatum f\u00f6r cirka 20 000 ton kopparkoncentrat (cirka 5 100 ton betalbar koppar). Detta eftersom en leverans fr\u00e5n Caserones-gruvan planerad f\u00f6r september kom att f\u00f6rsenas till oktober p\u00e5 grund av v\u00e4derf\u00f6rh\u00e5llanden. De relaterade int\u00e4kterna och kostnaden f\u00f6r s\u00e5lda varor f\u00f6rv\u00e4ntas redovisas under fj\u00e4rde kvartalet 2025.<\/p>\n<p>Vidare uppger bolaget att oreviderade realiserade valutakursvinster och oreviderade realiserade f\u00f6rluster p\u00e5 derivatkontrakt under tredje kvartalet inte v\u00e4ntas bli betydande.<\/p>\n<p>D\u00e4remot v\u00e4ntas bolaget under tredje kvartalet redovisa vissa icke-kassafl\u00f6desp\u00e5verkande poster som kommer att p\u00e5verka resultatet, men inte justerad ebitda, justerat resultat eller justerat resultat per aktie.<\/p>\n<p>\u201cDessa inkluderar en oreviderad orealiserad f\u00f6rlust p\u00e5 cirka 26 miljoner dollar f\u00f6re skatt relaterad till marknadsv\u00e4rderingen av bolagets \u00e5terst\u00e5ende derivatkontrakt, fr\u00e4mst p\u00e5 grund av stigande guldpriser under kvartalet\u201d, skriver Lundin Mining.<\/p>\n<p>Bolaget publicerar sin del\u00e5rsrapport f\u00f6r tredje kvartalet den 5 november.&#13;\n                    <\/p>\n","protected":false},"excerpt":{"rendered":"&#13; D\u00e4rut\u00f6ver v\u00e4ntas int\u00e4kterna under tredje kvartalet p\u00e5verkas av en tidsf\u00f6rskjutning mellan produktions- och leveransdatum f\u00f6r cirka 20&hellip;\n","protected":false},"author":2,"featured_media":57959,"comment_status":"","ping_status":"","sticky":false,"template":"","format":"standard","meta":{"footnotes":""},"categories":[65],"tags":[72,70,71,454,453,451,452,34,31,33,32,30,455],"class_list":{"0":"post-57958","1":"post","2":"type-post","3":"status-publish","4":"format-standard","5":"has-post-thumbnail","7":"category-ekonomi","8":"tag-business","9":"tag-economy","10":"tag-ekonomi","11":"tag-ekonomisk-analys","12":"tag-finans","13":"tag-finansiella-nyheter","14":"tag-investera","15":"tag-se","16":"tag-svenska","17":"tag-sverige","18":"tag-sweden","19":"tag-swedish","20":"tag-trading"},"share_on_mastodon":{"url":"","error":""},"_links":{"self":[{"href":"https:\/\/www.europesays.com\/se\/wp-json\/wp\/v2\/posts\/57958","targetHints":{"allow":["GET"]}}],"collection":[{"href":"https:\/\/www.europesays.com\/se\/wp-json\/wp\/v2\/posts"}],"about":[{"href":"https:\/\/www.europesays.com\/se\/wp-json\/wp\/v2\/types\/post"}],"author":[{"embeddable":true,"href":"https:\/\/www.europesays.com\/se\/wp-json\/wp\/v2\/users\/2"}],"replies":[{"embeddable":true,"href":"https:\/\/www.europesays.com\/se\/wp-json\/wp\/v2\/comments?post=57958"}],"version-history":[{"count":0,"href":"https:\/\/www.europesays.com\/se\/wp-json\/wp\/v2\/posts\/57958\/revisions"}],"wp:featuredmedia":[{"embeddable":true,"href":"https:\/\/www.europesays.com\/se\/wp-json\/wp\/v2\/media\/57959"}],"wp:attachment":[{"href":"https:\/\/www.europesays.com\/se\/wp-json\/wp\/v2\/media?parent=57958"}],"wp:term":[{"taxonomy":"category","embeddable":true,"href":"https:\/\/www.europesays.com\/se\/wp-json\/wp\/v2\/categories?post=57958"},{"taxonomy":"post_tag","embeddable":true,"href":"https:\/\/www.europesays.com\/se\/wp-json\/wp\/v2\/tags?post=57958"}],"curies":[{"name":"wp","href":"https:\/\/api.w.org\/{rel}","templated":true}]}}